{"id":1066,"date":"2020-04-11T14:07:03","date_gmt":"2020-04-11T12:07:03","guid":{"rendered":"http:\/\/www.spravaciest.sk\/?p=1066"},"modified":"2020-04-11T14:07:03","modified_gmt":"2020-04-11T12:07:03","slug":"kontroly-na-hraniciach-zacalo-aj-rakusko","status":"publish","type":"post","link":"https:\/\/www.spravaciest.sk\/hu\/2020\/04\/11\/kontroly-na-hraniciach-zacalo-aj-rakusko\/","title":{"rendered":"Kontroly na hraniciach za\u010dalo aj Rak\u00fasko"},"content":{"rendered":"<div class=\"fusion-fullwidth fullwidth-box fusion-builder-row-1 nonhundred-percent-fullwidth non-hundred-percent-height-scrolling\" style=\"--awb-border-radius-top-left:0px;--awb-border-radius-top-right:0px;--awb-border-radius-bottom-right:0px;--awb-border-radius-bottom-left:0px;--awb-flex-wrap:wrap;\" ><div class=\"fusion-builder-row fusion-row\"><div class=\"fusion-layout-column fusion_builder_column fusion-builder-column-0 fusion_builder_column_1_1 1_1 fusion-one-full fusion-column-first fusion-column-last\" style=\"--awb-bg-size:cover;--awb-margin-bottom:0px;\"><div class=\"fusion-column-wrapper fusion-flex-column-wrapper-legacy\"><div class=\"fusion-text fusion-text-1\"><p style=\"text-align: justify;\">Od v\u010deraj\u0161ieho d\u0148a za\u010dalo kontrolova\u0165 svoje hranice aj Rak\u00fasko. Kontroly prebiehaj\u00fa od v\u010dera, 10.4.2020 do minim\u00e1lne 27.04.2020. Opatrenia, teda kto a za ak\u00fdch podmienok m\u00f4\u017ee vst\u00fapi\u0165 do Rak\u00faska <span class=\"text_exposed_show\">bud\u00fa plati\u0165 od 14.4.2020. Rak\u00fasko rovnako kontroluje aj hranice s \u010ceskou republikou.<\/span><\/p>\n<p style=\"text-align: justify;\"><span class=\"text_exposed_show\">Vstup do Rak\u00faska je umo\u017enen\u00fd osob\u00e1m, ktor\u00e9 sa preuk\u00e1\u017eu lek\u00e1rskym potvrden\u00edm o zdravotnom stave nie star\u0161\u00edm ako 4 dni (negat\u00edvny test na COVID 19) v nemeckom, anglickom, franc\u00fazskom alebo talianskom jazyku.<\/span><\/p>\n<p style=\"text-align: justify;\"><span style=\"text-decoration: underline;\">V\u00fdnimky:<\/span><\/p>\n<ul style=\"text-align: justify;\">\n<li>ob\u010dania Rak\u00faska, osoby s pobytom v Rak\u00fasku (musia podp\u00edsa\u0165 prehl\u00e1senie, \u017ee absolvuj\u00fa povinn\u00fa dom\u00e1cu 14 d\u0148ov\u00fa karant\u00e9nu)<\/li>\n<li>pendleri<\/li>\n<li>tranzit cez \u00fazemie Rak\u00faska (\u010destn\u00e9 prehl\u00e1senie, pln\u00e1 n\u00e1dr\u017e, dokumenty o v\u00fdkladke\/n\u00e1kladke v cie\u013eovej krajine)<\/li>\n<li>preprava tovaru<\/li>\n<li>osoby id\u00face do Rak\u00faska s cie\u013eom lek\u00e1rskeho vy\u0161etrenia (potvrdenie: <a href=\"https:\/\/l.facebook.com\/l.php?u=https%3A%2F%2Fwww.ris.bka.gv.at%2FDokumente%2FBundesnormen%2FNOR40221945%2FII_129_2020_Anlage_F.pdf%3Ffbclid%3DIwAR2IrvOe1y8xIq78QQisiV6cQyxYyhKK6H6nNeOqHhUuru5yBet52oh1qpk&h=AT04qrHUbX22L_9s7ByTyeD0xeojNiAvRCbbE2ejjGU_w_kBV4Sd4qjUj5xRNqGuXvBWEvpLMgKXLhnWv0E-VoM7pexzPbYkiW_MKoSyLrBMQtSlPPsy1VPqjc_WODM2YAS_a6u9KRdx4w3xdw6Q5Q-evwq1UrncPmfvkpg6BXtRJcAq5P6Yn1wzem0sRsyI4FMMi_TEyaOMl3ObKx2jV4AIgSMgYf5zgA7cJy6pyMEBPDOxi3ZbQHTrxmYnvtBrF7xTgfpI8VCWk51u0WaxhCMwi0XJbvU3FOHGo6KWRwhCouQ-_lDmFVaVG_CD3F5NNhtGQtFce5D0Q72o7gLjVftJfNHsfW0c3dT3RjgYAaV8z2UdnXDqeAk55KT_JxZ8jZV8Z9pWc4EFo5hsS_4_mf-hTnU9Oirfxq7Bzit0rFMv8ZwbNxfRBHby3NWrXdcLCynxoe6zUMQaNCBjpWUycThsIZDis963WjOOAin71sQI1-xeT_aTtIWNWDa28h9FgyjtYnp7L6s2i4UB19uoHcd80UBruWlJ9VQJdPpsYQ3q798KyfEv8Lu9EPYPTHbA-4U36UPpXr-RN8apvqcG9-DzeVzAwUVqqnomzKq7nwDdm16gssXMsHRSfqzVoLOUluHxeVGykwxJT2vlOP9YSfmXJUlaveGgz7txF12niCnrU5TpnTtQvPdnIHa55mWlZnCUKkwXFj_PRxo1VkEBsP2R-R7MKEzxBsX1K4kZcMgUpsgj9WT87e9b2byCZhZuxBMmHX-KCMvt9Grni4TV-lSk6aEccBVsj9_kji3GhIMpGt4qcfjKfRn_-PChPD2SIYaON4Jewv4GhTYdz5CqS7PJ\" target=\"_blank\" rel=\"noopener nofollow noreferrer\" data-ft=\"\" data-lynx-mode=\"async\">https:\/\/www.ris.bka.gv.at\/\u2026\/NOR402\u2026\/II_129_2020_Anlage_F.pdf<\/a>)<\/li>\n<li>osoby, ktor\u00e9 v Rak\u00fasku podliehaj\u00fa povinn\u00e9mu zdravotn\u00e9mu poisteniu<\/li>\n<\/ul>\n<p style=\"text-align: justify;\">Pros\u00edme obyvate\u013eov Trnavsk\u00e9ho kraja a rovnako aj ostatn\u00fdch \u013eud\u00ed, aby, ak nemusia, necestovali do Rak\u00faska. Pred\u00eddu tak zbyto\u010dn\u00fdm komplik\u00e1ci\u00e1m.<\/p>\n<\/div><div class=\"awb-gallery-wrapper awb-gallery-wrapper-1 button-span-no\"><div style=\"margin:-5px;--awb-bordersize:0px;\" class=\"fusion-gallery fusion-gallery-container fusion-grid-3 fusion-columns-total-4 fusion-gallery-layout-grid fusion-gallery-1\"><div style=\"padding:5px;\" class=\"fusion-grid-column fusion-gallery-column fusion-gallery-column-3 hover-type-none\"><div class=\"fusion-gallery-image\"><a href=\"https:\/\/www.spravaciest.sk\/wp-content\/uploads\/2020\/04\/policia-rakusko-hranice-e1586598041533.jpg\" rel=\"noreferrer\" data-rel=\"iLightbox[gallery_image_1]\" class=\"fusion-lightbox\" target=\"_self\"><img decoding=\"async\" src=\"https:\/\/www.spravaciest.sk\/wp-content\/uploads\/2020\/04\/policia-rakusko-hranice-e1586598041533.jpg\" data-orig-src=\"https:\/\/www.spravaciest.sk\/wp-content\/uploads\/2020\/04\/policia-rakusko-hranice-e1586598041533.jpg\" width=\"700\" height=\"467\" alt=\"\" title=\"Kontroly na hraniciach za\u010dalo aj Rak\u00fasko\" aria-label=\"Kontroly na hraniciach za\u010dalo aj Rak\u00fasko\" class=\"lazyload img-responsive wp-image-1073\" srcset=\"data:image\/svg+xml,%3Csvg%20xmlns%3D%27http%3A%2F%2Fwww.w3.org%2F2000%2Fsvg%27%20width%3D%27700%27%20height%3D%27467%27%20viewBox%3D%270%200%20700%20467%27%3E%3Crect%20width%3D%27700%27%20height%3D%27467%27%20fill-opacity%3D%220%22%2F%3E%3C%2Fsvg%3E\" data-srcset=\"https:\/\/www.spravaciest.sk\/wp-content\/uploads\/2020\/04\/policia-rakusko-hranice-e1586598041533-200x133.jpg 200w, https:\/\/www.spravaciest.sk\/wp-content\/uploads\/2020\/04\/policia-rakusko-hranice-e1586598041533-400x267.jpg 400w, https:\/\/www.spravaciest.sk\/wp-content\/uploads\/2020\/04\/policia-rakusko-hranice-e1586598041533-600x400.jpg 600w, https:\/\/www.spravaciest.sk\/wp-content\/uploads\/2020\/04\/policia-rakusko-hranice-e1586598041533.jpg 700w\" data-sizes=\"auto\" data-orig-sizes=\"(min-width: 2200px) 100vw, (min-width: 784px) 363px, (min-width: 712px) 545px, (min-width: 640px) 712px, \" \/><\/a><\/div><\/div><div style=\"padding:5px;\" class=\"fusion-grid-column fusion-gallery-column fusion-gallery-column-3 hover-type-none\"><div class=\"fusion-gallery-image\"><a href=\"https:\/\/www.spravaciest.sk\/wp-content\/uploads\/2020\/04\/1584880255_koronavirus_kamiony-a-stan-nemecko-jpg-e1586598149524.jpg\" rel=\"noreferrer\" data-rel=\"iLightbox[gallery_image_1]\" class=\"fusion-lightbox\" target=\"_self\"><img decoding=\"async\" src=\"https:\/\/www.spravaciest.sk\/wp-content\/uploads\/2020\/04\/1584880255_koronavirus_kamiony-a-stan-nemecko-jpg-e1586598149524.jpg\" data-orig-src=\"https:\/\/www.spravaciest.sk\/wp-content\/uploads\/2020\/04\/1584880255_koronavirus_kamiony-a-stan-nemecko-jpg-e1586598149524.jpg\" width=\"1024\" height=\"683\" alt=\"\" title=\"Kontroly na hraniciach za\u010dalo aj Rak\u00fasko\" aria-label=\"Kontroly na hraniciach za\u010dalo aj Rak\u00fasko\" class=\"lazyload img-responsive wp-image-1072\" srcset=\"data:image\/svg+xml,%3Csvg%20xmlns%3D%27http%3A%2F%2Fwww.w3.org%2F2000%2Fsvg%27%20width%3D%271024%27%20height%3D%27683%27%20viewBox%3D%270%200%201024%20683%27%3E%3Crect%20width%3D%271024%27%20height%3D%27683%27%20fill-opacity%3D%220%22%2F%3E%3C%2Fsvg%3E\" data-srcset=\"https:\/\/www.spravaciest.sk\/wp-content\/uploads\/2020\/04\/1584880255_koronavirus_kamiony-a-stan-nemecko-jpg-e1586598149524-200x133.jpg 200w, https:\/\/www.spravaciest.sk\/wp-content\/uploads\/2020\/04\/1584880255_koronavirus_kamiony-a-stan-nemecko-jpg-e1586598149524-400x267.jpg 400w, https:\/\/www.spravaciest.sk\/wp-content\/uploads\/2020\/04\/1584880255_koronavirus_kamiony-a-stan-nemecko-jpg-e1586598149524-600x400.jpg 600w, https:\/\/www.spravaciest.sk\/wp-content\/uploads\/2020\/04\/1584880255_koronavirus_kamiony-a-stan-nemecko-jpg-e1586598149524-800x534.jpg 800w, https:\/\/www.spravaciest.sk\/wp-content\/uploads\/2020\/04\/1584880255_koronavirus_kamiony-a-stan-nemecko-jpg-e1586598149524.jpg 1024w\" data-sizes=\"auto\" data-orig-sizes=\"(min-width: 2200px) 100vw, (min-width: 784px) 363px, (min-width: 712px) 545px, (min-width: 640px) 712px, \" \/><\/a><\/div><\/div><div style=\"padding:5px;\" class=\"fusion-grid-column fusion-gallery-column fusion-gallery-column-3 hover-type-none\"><div class=\"fusion-gallery-image\"><a href=\"https:\/\/www.spravaciest.sk\/wp-content\/uploads\/2020\/04\/92564745_3250275328336000_3217290697841311744_o-e1586598194363.jpg\" rel=\"noreferrer\" data-rel=\"iLightbox[gallery_image_1]\" class=\"fusion-lightbox\" target=\"_self\"><img decoding=\"async\" src=\"https:\/\/www.spravaciest.sk\/wp-content\/uploads\/2020\/04\/92564745_3250275328336000_3217290697841311744_o-e1586598194363.jpg\" data-orig-src=\"https:\/\/www.spravaciest.sk\/wp-content\/uploads\/2020\/04\/92564745_3250275328336000_3217290697841311744_o-e1586598194363.jpg\" width=\"2048\" height=\"1367\" alt=\"\" title=\"Kontroly na hraniciach za\u010dalo aj Rak\u00fasko\" aria-label=\"Kontroly na hraniciach za\u010dalo aj Rak\u00fasko\" class=\"lazyload img-responsive wp-image-1071\" srcset=\"data:image\/svg+xml,%3Csvg%20xmlns%3D%27http%3A%2F%2Fwww.w3.org%2F2000%2Fsvg%27%20width%3D%272048%27%20height%3D%271367%27%20viewBox%3D%270%200%202048%201367%27%3E%3Crect%20width%3D%272048%27%20height%3D%271367%27%20fill-opacity%3D%220%22%2F%3E%3C%2Fsvg%3E\" data-srcset=\"https:\/\/www.spravaciest.sk\/wp-content\/uploads\/2020\/04\/92564745_3250275328336000_3217290697841311744_o-e1586598194363-200x133.jpg 200w, https:\/\/www.spravaciest.sk\/wp-content\/uploads\/2020\/04\/92564745_3250275328336000_3217290697841311744_o-e1586598194363-400x267.jpg 400w, https:\/\/www.spravaciest.sk\/wp-content\/uploads\/2020\/04\/92564745_3250275328336000_3217290697841311744_o-e1586598194363-600x400.jpg 600w, https:\/\/www.spravaciest.sk\/wp-content\/uploads\/2020\/04\/92564745_3250275328336000_3217290697841311744_o-e1586598194363-800x534.jpg 800w, https:\/\/www.spravaciest.sk\/wp-content\/uploads\/2020\/04\/92564745_3250275328336000_3217290697841311744_o-e1586598194363-1200x801.jpg 1200w, https:\/\/www.spravaciest.sk\/wp-content\/uploads\/2020\/04\/92564745_3250275328336000_3217290697841311744_o-e1586598194363.jpg 2048w\" data-sizes=\"auto\" data-orig-sizes=\"(min-width: 2200px) 100vw, (min-width: 784px) 363px, (min-width: 712px) 545px, (min-width: 640px) 712px, \" \/><\/a><\/div><\/div><div class=\"clearfix\"><\/div><div style=\"padding:5px;\" class=\"fusion-grid-column fusion-gallery-column fusion-gallery-column-3 hover-type-none\"><div class=\"fusion-gallery-image\"><a href=\"https:\/\/www.spravaciest.sk\/wp-content\/uploads\/2020\/04\/mike-powell-tMItYMyKagc-unsplash-scaled-e1586598508194.jpg\" rel=\"noreferrer\" data-rel=\"iLightbox[gallery_image_1]\" class=\"fusion-lightbox\" target=\"_self\"><img decoding=\"async\" src=\"https:\/\/www.spravaciest.sk\/wp-content\/uploads\/2020\/04\/mike-powell-tMItYMyKagc-unsplash-scaled-e1586598508194.jpg\" data-orig-src=\"https:\/\/www.spravaciest.sk\/wp-content\/uploads\/2020\/04\/mike-powell-tMItYMyKagc-unsplash-scaled-e1586598508194.jpg\" width=\"2368\" height=\"1578\" alt=\"\" title=\"Kontroly na hraniciach za\u010dalo aj Rak\u00fasko\" aria-label=\"Kontroly na hraniciach za\u010dalo aj Rak\u00fasko\" class=\"lazyload img-responsive wp-image-1077\" srcset=\"data:image\/svg+xml,%3Csvg%20xmlns%3D%27http%3A%2F%2Fwww.w3.org%2F2000%2Fsvg%27%20width%3D%272368%27%20height%3D%271578%27%20viewBox%3D%270%200%202368%201578%27%3E%3Crect%20width%3D%272368%27%20height%3D%271578%27%20fill-opacity%3D%220%22%2F%3E%3C%2Fsvg%3E\" data-srcset=\"https:\/\/www.spravaciest.sk\/wp-content\/uploads\/2020\/04\/mike-powell-tMItYMyKagc-unsplash-scaled-e1586598508194-200x133.jpg 200w, https:\/\/www.spravaciest.sk\/wp-content\/uploads\/2020\/04\/mike-powell-tMItYMyKagc-unsplash-scaled-e1586598508194-400x267.jpg 400w, https:\/\/www.spravaciest.sk\/wp-content\/uploads\/2020\/04\/mike-powell-tMItYMyKagc-unsplash-scaled-e1586598508194-600x400.jpg 600w, https:\/\/www.spravaciest.sk\/wp-content\/uploads\/2020\/04\/mike-powell-tMItYMyKagc-unsplash-scaled-e1586598508194-800x533.jpg 800w, https:\/\/www.spravaciest.sk\/wp-content\/uploads\/2020\/04\/mike-powell-tMItYMyKagc-unsplash-scaled-e1586598508194-1200x800.jpg 1200w, https:\/\/www.spravaciest.sk\/wp-content\/uploads\/2020\/04\/mike-powell-tMItYMyKagc-unsplash-scaled-e1586598508194.jpg 2368w\" data-sizes=\"auto\" data-orig-sizes=\"(min-width: 2200px) 100vw, (min-width: 784px) 363px, (min-width: 712px) 545px, (min-width: 640px) 712px, \" \/><\/a><\/div><\/div><\/div><\/div><div class=\"fusion-clearfix\"><\/div><\/div><\/div><\/div><\/div>\n","protected":false},"excerpt":{"rendered":"","protected":false},"author":1,"featured_media":1075,"comment_status":"open","ping_status":"open","sticky":false,"template":"","format":"standard","meta":{"_monsterinsights_skip_tracking":false,"_monsterinsights_sitenote_active":false,"_monsterinsights_sitenote_note":"","_monsterinsights_sitenote_category":0,"footnotes":""},"categories":[4],"tags":[],"class_list":["post-1066","post","type-post","status-publish","format-standard","has-post-thumbnail","hentry","category-dopravne-obmedzenia"],"_links":{"self":[{"href":"https:\/\/www.spravaciest.sk\/hu\/wp-json\/wp\/v2\/posts\/1066","targetHints":{"allow":["GET"]}}],"collection":[{"href":"https:\/\/www.spravaciest.sk\/hu\/wp-json\/wp\/v2\/posts"}],"about":[{"href":"https:\/\/www.spravaciest.sk\/hu\/wp-json\/wp\/v2\/types\/post"}],"author":[{"embeddable":true,"href":"https:\/\/www.spravaciest.sk\/hu\/wp-json\/wp\/v2\/users\/1"}],"replies":[{"embeddable":true,"href":"https:\/\/www.spravaciest.sk\/hu\/wp-json\/wp\/v2\/comments?post=1066"}],"version-history":[{"count":0,"href":"https:\/\/www.spravaciest.sk\/hu\/wp-json\/wp\/v2\/posts\/1066\/revisions"}],"wp:featuredmedia":[{"embeddable":true,"href":"https:\/\/www.spravaciest.sk\/hu\/wp-json\/wp\/v2\/media\/1075"}],"wp:attachment":[{"href":"https:\/\/www.spravaciest.sk\/hu\/wp-json\/wp\/v2\/media?parent=1066"}],"wp:term":[{"taxonomy":"category","embeddable":true,"href":"https:\/\/www.spravaciest.sk\/hu\/wp-json\/wp\/v2\/categories?post=1066"},{"taxonomy":"post_tag","embeddable":true,"href":"https:\/\/www.spravaciest.sk\/hu\/wp-json\/wp\/v2\/tags?post=1066"}],"curies":[{"name":"wp","href":"https:\/\/api.w.org\/{rel}","templated":true}]}}