{"id":1227,"date":"2020-05-12T19:43:08","date_gmt":"2020-05-12T17:43:08","guid":{"rendered":"http:\/\/www.spravaciest.sk\/?p=1227"},"modified":"2020-05-12T19:43:08","modified_gmt":"2020-05-12T17:43:08","slug":"kosenie-pri-cestach-v-okrese-velky-meder","status":"publish","type":"post","link":"https:\/\/www.spravaciest.sk\/hu\/2020\/05\/12\/kosenie-pri-cestach-v-okrese-velky-meder\/","title":{"rendered":"Kosenie pri cest\u00e1ch v okrese Ve\u013ek\u00fd Meder"},"content":{"rendered":"<div class=\"fusion-fullwidth fullwidth-box fusion-builder-row-1 nonhundred-percent-fullwidth non-hundred-percent-height-scrolling\" style=\"--awb-border-radius-top-left:0px;--awb-border-radius-top-right:0px;--awb-border-radius-bottom-right:0px;--awb-border-radius-bottom-left:0px;--awb-flex-wrap:wrap;\" ><div class=\"fusion-builder-row fusion-row\"><div class=\"fusion-layout-column fusion_builder_column fusion-builder-column-0 fusion_builder_column_1_1 1_1 fusion-one-full fusion-column-first fusion-column-last\" style=\"--awb-bg-size:cover;--awb-margin-bottom:0px;\"><div class=\"fusion-column-wrapper fusion-flex-column-wrapper-legacy\"><div class=\"fusion-text fusion-text-1\"><p style=\"text-align: justify;\">V t\u00fdchto d\u0148och sme za\u010dali s kosen\u00edm pl\u00f4ch popri na\u0161ich cest\u00e1ch. Tieto \u00faseky boli po zime u\u017e zarasten\u00e9 a tak bolo na \u010dase da\u0165 ich do lep\u0161ieho stavu. Jedna z oblast\u00ed, ktor\u00e1 je moment\u00e1lne v procese kosenia je oblas\u0165 Ve\u013ek\u00e9ho Medera.<\/p>\n<p style=\"text-align: justify;\">Konkr\u00e9tne sme za\u010dali v pondelok 11.05.2020 s kosen\u00edm tr\u00e1vnat\u00fdch porastov popri ceste \u010d\u00edslo II\/561 medzi Ve\u013ek\u00fdm Mederom a Trsticami. Jednalo sa o kosenie za pomoci \u0165a\u017e\u0161ej techniky, a to konkr\u00e9tne traktora s pomocn\u00fdm zariaden\u00edm sl\u00fa\u017eiacim na kosenie.<\/p>\n<p style=\"text-align: justify;\">O de\u0148 nesk\u00f4r 12.05.2020 sme pokra\u010dovali \u00fasekom Topo\u013en\u00edky &#8211; Trstice na rovnakej ceste II\/561. Tu sme naopak vyu\u017eili ru\u010dn\u00e9 kosa\u010dky a zru\u010dnos\u0165 na\u0161ich pracovn\u00edkov. Vykon\u00e1valo sa toti\u017e kosenie pri zvodidl\u00e1ch a tak isto aj likvid\u00e1cia nadbyto\u010dn\u00fdch kr\u00edkov.<\/p>\n<p style=\"text-align: justify;\">Nezab\u00fadame ani na in\u00e9 oblasti, ktor\u00e9 patria pod spr\u00e1vu S\u00daC TTSK. Postupne v\u00e1m prinesieme \u010fal\u0161ie inform\u00e1cie. Rovnako by sme v\u00e1s, na\u0161ich ob\u010danov, chceli poprosi\u0165, keby ste vedeli o nejakom \u00faseku nach\u00e1dzaj\u00facom sa v zlom stave, aby ste nev\u00e1hali a dali n\u00e1m to vedie\u0165. M\u00f4\u017eete tak urobi\u0165 prostredn\u00edctvom tla\u010didla &#8222;nahl\u00e1si\u0165 probl\u00e9m&#8220; na hlavnej str\u00e1nke v pravom hornom rohu. Vopred \u010fakujeme.<\/p>\n<\/div><div class=\"awb-gallery-wrapper awb-gallery-wrapper-1 button-span-no\"><div style=\"margin:-5px;--awb-bordersize:0px;\" class=\"fusion-gallery fusion-gallery-container fusion-grid-3 fusion-columns-total-5 fusion-gallery-layout-grid fusion-gallery-1\"><div style=\"padding:5px;\" class=\"fusion-grid-column fusion-gallery-column fusion-gallery-column-3 hover-type-none\"><div class=\"fusion-gallery-image\"><a href=\"https:\/\/www.spravaciest.sk\/wp-content\/uploads\/2020\/05\/kosenie-ru\u010d.-561-e1589301772892.jpg\" rel=\"noreferrer\" data-rel=\"iLightbox[gallery_image_1]\" class=\"fusion-lightbox\" target=\"_self\"><img decoding=\"async\" src=\"https:\/\/www.spravaciest.sk\/wp-content\/uploads\/2020\/05\/kosenie-ru\u010d.-561-e1589301772892.jpg\" data-orig-src=\"https:\/\/www.spravaciest.sk\/wp-content\/uploads\/2020\/05\/kosenie-ru\u010d.-561-e1589301772892.jpg\" width=\"720\" height=\"480\" alt=\"\" title=\"Kosenie pri cest\u00e1ch v okrese Ve\u013ek\u00fd Meder\" aria-label=\"Kosenie pri cest\u00e1ch v okrese Ve\u013ek\u00fd Meder\" class=\"lazyload img-responsive wp-image-1232\" srcset=\"data:image\/svg+xml,%3Csvg%20xmlns%3D%27http%3A%2F%2Fwww.w3.org%2F2000%2Fsvg%27%20width%3D%27720%27%20height%3D%27480%27%20viewBox%3D%270%200%20720%20480%27%3E%3Crect%20width%3D%27720%27%20height%3D%27480%27%20fill-opacity%3D%220%22%2F%3E%3C%2Fsvg%3E\" data-srcset=\"https:\/\/www.spravaciest.sk\/wp-content\/uploads\/2020\/05\/kosenie-ru\u010d.-561-e1589301772892-200x133.jpg 200w, https:\/\/www.spravaciest.sk\/wp-content\/uploads\/2020\/05\/kosenie-ru\u010d.-561-e1589301772892-400x267.jpg 400w, https:\/\/www.spravaciest.sk\/wp-content\/uploads\/2020\/05\/kosenie-ru\u010d.-561-e1589301772892-600x400.jpg 600w, https:\/\/www.spravaciest.sk\/wp-content\/uploads\/2020\/05\/kosenie-ru\u010d.-561-e1589301772892.jpg 720w\" data-sizes=\"auto\" data-orig-sizes=\"(min-width: 2200px) 100vw, (min-width: 784px) 363px, (min-width: 712px) 545px, (min-width: 640px) 712px, \" \/><\/a><\/div><\/div><div style=\"padding:5px;\" class=\"fusion-grid-column fusion-gallery-column fusion-gallery-column-3 hover-type-none\"><div class=\"fusion-gallery-image\"><a href=\"https:\/\/www.spravaciest.sk\/wp-content\/uploads\/2020\/05\/kosenie-ru\u010dn\u00e9-561-zvod.-e1589301868495.jpg\" rel=\"noreferrer\" data-rel=\"iLightbox[gallery_image_1]\" class=\"fusion-lightbox\" target=\"_self\"><img decoding=\"async\" src=\"https:\/\/www.spravaciest.sk\/wp-content\/uploads\/2020\/05\/kosenie-ru\u010dn\u00e9-561-zvod.-e1589301868495.jpg\" data-orig-src=\"https:\/\/www.spravaciest.sk\/wp-content\/uploads\/2020\/05\/kosenie-ru\u010dn\u00e9-561-zvod.-e1589301868495.jpg\" width=\"720\" height=\"480\" alt=\"\" title=\"Kosenie pri cest\u00e1ch v okrese Ve\u013ek\u00fd Mede\" aria-label=\"Kosenie pri cest\u00e1ch v okrese Ve\u013ek\u00fd Mede\" class=\"lazyload img-responsive wp-image-1231\" srcset=\"data:image\/svg+xml,%3Csvg%20xmlns%3D%27http%3A%2F%2Fwww.w3.org%2F2000%2Fsvg%27%20width%3D%27720%27%20height%3D%27480%27%20viewBox%3D%270%200%20720%20480%27%3E%3Crect%20width%3D%27720%27%20height%3D%27480%27%20fill-opacity%3D%220%22%2F%3E%3C%2Fsvg%3E\" data-srcset=\"https:\/\/www.spravaciest.sk\/wp-content\/uploads\/2020\/05\/kosenie-ru\u010dn\u00e9-561-zvod.-e1589301868495-200x133.jpg 200w, https:\/\/www.spravaciest.sk\/wp-content\/uploads\/2020\/05\/kosenie-ru\u010dn\u00e9-561-zvod.-e1589301868495-400x267.jpg 400w, https:\/\/www.spravaciest.sk\/wp-content\/uploads\/2020\/05\/kosenie-ru\u010dn\u00e9-561-zvod.-e1589301868495-600x400.jpg 600w, https:\/\/www.spravaciest.sk\/wp-content\/uploads\/2020\/05\/kosenie-ru\u010dn\u00e9-561-zvod.-e1589301868495.jpg 720w\" data-sizes=\"auto\" data-orig-sizes=\"(min-width: 2200px) 100vw, (min-width: 784px) 363px, (min-width: 712px) 545px, (min-width: 640px) 712px, \" \/><\/a><\/div><\/div><div style=\"padding:5px;\" class=\"fusion-grid-column fusion-gallery-column fusion-gallery-column-3 hover-type-none\"><div class=\"fusion-gallery-image\"><a href=\"https:\/\/www.spravaciest.sk\/wp-content\/uploads\/2020\/05\/kosenie-ru\u010dn\u00e9-561-e1589301949881.jpg\" rel=\"noreferrer\" data-rel=\"iLightbox[gallery_image_1]\" class=\"fusion-lightbox\" target=\"_self\"><img decoding=\"async\" src=\"https:\/\/www.spravaciest.sk\/wp-content\/uploads\/2020\/05\/kosenie-ru\u010dn\u00e9-561-e1589301949881.jpg\" data-orig-src=\"https:\/\/www.spravaciest.sk\/wp-content\/uploads\/2020\/05\/kosenie-ru\u010dn\u00e9-561-e1589301949881.jpg\" width=\"720\" height=\"480\" alt=\"\" title=\"Kosenie pri cest\u00e1ch v okrese Ve\u013ek\u00fd Mede\" aria-label=\"Kosenie pri cest\u00e1ch v okrese Ve\u013ek\u00fd Mede\" class=\"lazyload img-responsive wp-image-1230\" srcset=\"data:image\/svg+xml,%3Csvg%20xmlns%3D%27http%3A%2F%2Fwww.w3.org%2F2000%2Fsvg%27%20width%3D%27720%27%20height%3D%27480%27%20viewBox%3D%270%200%20720%20480%27%3E%3Crect%20width%3D%27720%27%20height%3D%27480%27%20fill-opacity%3D%220%22%2F%3E%3C%2Fsvg%3E\" data-srcset=\"https:\/\/www.spravaciest.sk\/wp-content\/uploads\/2020\/05\/kosenie-ru\u010dn\u00e9-561-e1589301949881-200x133.jpg 200w, https:\/\/www.spravaciest.sk\/wp-content\/uploads\/2020\/05\/kosenie-ru\u010dn\u00e9-561-e1589301949881-400x267.jpg 400w, https:\/\/www.spravaciest.sk\/wp-content\/uploads\/2020\/05\/kosenie-ru\u010dn\u00e9-561-e1589301949881-600x400.jpg 600w, https:\/\/www.spravaciest.sk\/wp-content\/uploads\/2020\/05\/kosenie-ru\u010dn\u00e9-561-e1589301949881.jpg 720w\" data-sizes=\"auto\" data-orig-sizes=\"(min-width: 2200px) 100vw, (min-width: 784px) 363px, (min-width: 712px) 545px, (min-width: 640px) 712px, \" \/><\/a><\/div><\/div><div class=\"clearfix\"><\/div><div style=\"padding:5px;\" class=\"fusion-grid-column fusion-gallery-column fusion-gallery-column-3 hover-type-none\"><div class=\"fusion-gallery-image\"><a href=\"https:\/\/www.spravaciest.sk\/wp-content\/uploads\/2020\/05\/Kry-likvid.-561-e1589301996210.jpg\" rel=\"noreferrer\" data-rel=\"iLightbox[gallery_image_1]\" class=\"fusion-lightbox\" target=\"_self\"><img decoding=\"async\" src=\"https:\/\/www.spravaciest.sk\/wp-content\/uploads\/2020\/05\/Kry-likvid.-561-e1589301996210.jpg\" data-orig-src=\"https:\/\/www.spravaciest.sk\/wp-content\/uploads\/2020\/05\/Kry-likvid.-561-e1589301996210.jpg\" width=\"960\" height=\"640\" alt=\"\" title=\"Kosenie pri cest\u00e1ch v okrese Ve\u013ek\u00fd Mede\" aria-label=\"Kosenie pri cest\u00e1ch v okrese Ve\u013ek\u00fd Mede\" class=\"lazyload img-responsive wp-image-1229\" srcset=\"data:image\/svg+xml,%3Csvg%20xmlns%3D%27http%3A%2F%2Fwww.w3.org%2F2000%2Fsvg%27%20width%3D%27960%27%20height%3D%27640%27%20viewBox%3D%270%200%20960%20640%27%3E%3Crect%20width%3D%27960%27%20height%3D%27640%27%20fill-opacity%3D%220%22%2F%3E%3C%2Fsvg%3E\" data-srcset=\"https:\/\/www.spravaciest.sk\/wp-content\/uploads\/2020\/05\/Kry-likvid.-561-e1589301996210-200x133.jpg 200w, https:\/\/www.spravaciest.sk\/wp-content\/uploads\/2020\/05\/Kry-likvid.-561-e1589301996210-400x267.jpg 400w, https:\/\/www.spravaciest.sk\/wp-content\/uploads\/2020\/05\/Kry-likvid.-561-e1589301996210-600x400.jpg 600w, https:\/\/www.spravaciest.sk\/wp-content\/uploads\/2020\/05\/Kry-likvid.-561-e1589301996210-800x533.jpg 800w, https:\/\/www.spravaciest.sk\/wp-content\/uploads\/2020\/05\/Kry-likvid.-561-e1589301996210.jpg 960w\" data-sizes=\"auto\" data-orig-sizes=\"(min-width: 2200px) 100vw, (min-width: 784px) 363px, (min-width: 712px) 545px, (min-width: 640px) 712px, \" \/><\/a><\/div><\/div><div style=\"padding:5px;\" class=\"fusion-grid-column fusion-gallery-column fusion-gallery-column-3 hover-type-none\"><div class=\"fusion-gallery-image\"><a href=\"https:\/\/www.spravaciest.sk\/wp-content\/uploads\/2020\/05\/IMG_20200511_105243-scaled-e1589302041321.jpg\" rel=\"noreferrer\" data-rel=\"iLightbox[gallery_image_1]\" class=\"fusion-lightbox\" target=\"_self\"><img decoding=\"async\" src=\"https:\/\/www.spravaciest.sk\/wp-content\/uploads\/2020\/05\/IMG_20200511_105243-scaled-e1589302041321.jpg\" data-orig-src=\"https:\/\/www.spravaciest.sk\/wp-content\/uploads\/2020\/05\/IMG_20200511_105243-scaled-e1589302041321.jpg\" width=\"2560\" height=\"1708\" alt=\"\" title=\"Kosenie pri cest\u00e1ch v okrese Ve\u013ek\u00fd Mede\" aria-label=\"Kosenie pri cest\u00e1ch v okrese Ve\u013ek\u00fd Mede\" class=\"lazyload img-responsive wp-image-1228\" srcset=\"data:image\/svg+xml,%3Csvg%20xmlns%3D%27http%3A%2F%2Fwww.w3.org%2F2000%2Fsvg%27%20width%3D%272560%27%20height%3D%271708%27%20viewBox%3D%270%200%202560%201708%27%3E%3Crect%20width%3D%272560%27%20height%3D%271708%27%20fill-opacity%3D%220%22%2F%3E%3C%2Fsvg%3E\" data-srcset=\"https:\/\/www.spravaciest.sk\/wp-content\/uploads\/2020\/05\/IMG_20200511_105243-scaled-e1589302041321-200x133.jpg 200w, https:\/\/www.spravaciest.sk\/wp-content\/uploads\/2020\/05\/IMG_20200511_105243-scaled-e1589302041321-400x267.jpg 400w, https:\/\/www.spravaciest.sk\/wp-content\/uploads\/2020\/05\/IMG_20200511_105243-scaled-e1589302041321-600x400.jpg 600w, https:\/\/www.spravaciest.sk\/wp-content\/uploads\/2020\/05\/IMG_20200511_105243-scaled-e1589302041321-800x534.jpg 800w, https:\/\/www.spravaciest.sk\/wp-content\/uploads\/2020\/05\/IMG_20200511_105243-scaled-e1589302041321-1200x801.jpg 1200w, https:\/\/www.spravaciest.sk\/wp-content\/uploads\/2020\/05\/IMG_20200511_105243-scaled-e1589302041321.jpg 2560w\" data-sizes=\"auto\" data-orig-sizes=\"(min-width: 2200px) 100vw, (min-width: 784px) 363px, (min-width: 712px) 545px, (min-width: 640px) 712px, \" \/><\/a><\/div><\/div><\/div><\/div><div class=\"fusion-clearfix\"><\/div><\/div><\/div><\/div><\/div>\n","protected":false},"excerpt":{"rendered":"","protected":false},"author":1,"featured_media":1233,"comment_status":"open","ping_status":"open","sticky":false,"template":"","format":"standard","meta":{"_monsterinsights_skip_tracking":false,"_monsterinsights_sitenote_active":false,"_monsterinsights_sitenote_note":"","_monsterinsights_sitenote_category":0,"footnotes":""},"categories":[3],"tags":[],"class_list":["post-1227","post","type-post","status-publish","format-standard","has-post-thumbnail","hentry","category-aktuality"],"_links":{"self":[{"href":"https:\/\/www.spravaciest.sk\/hu\/wp-json\/wp\/v2\/posts\/1227","targetHints":{"allow":["GET"]}}],"collection":[{"href":"https:\/\/www.spravaciest.sk\/hu\/wp-json\/wp\/v2\/posts"}],"about":[{"href":"https:\/\/www.spravaciest.sk\/hu\/wp-json\/wp\/v2\/types\/post"}],"author":[{"embeddable":true,"href":"https:\/\/www.spravaciest.sk\/hu\/wp-json\/wp\/v2\/users\/1"}],"replies":[{"embeddable":true,"href":"https:\/\/www.spravaciest.sk\/hu\/wp-json\/wp\/v2\/comments?post=1227"}],"version-history":[{"count":0,"href":"https:\/\/www.spravaciest.sk\/hu\/wp-json\/wp\/v2\/posts\/1227\/revisions"}],"wp:featuredmedia":[{"embeddable":true,"href":"https:\/\/www.spravaciest.sk\/hu\/wp-json\/wp\/v2\/media\/1233"}],"wp:attachment":[{"href":"https:\/\/www.spravaciest.sk\/hu\/wp-json\/wp\/v2\/media?parent=1227"}],"wp:term":[{"taxonomy":"category","embeddable":true,"href":"https:\/\/www.spravaciest.sk\/hu\/wp-json\/wp\/v2\/categories?post=1227"},{"taxonomy":"post_tag","embeddable":true,"href":"https:\/\/www.spravaciest.sk\/hu\/wp-json\/wp\/v2\/tags?post=1227"}],"curies":[{"name":"wp","href":"https:\/\/api.w.org\/{rel}","templated":true}]}}