{"id":1309,"date":"2020-05-27T13:41:47","date_gmt":"2020-05-27T11:41:47","guid":{"rendered":"http:\/\/www.spravaciest.sk\/?p=1309"},"modified":"2020-05-28T11:10:57","modified_gmt":"2020-05-28T09:10:57","slug":"kosenie-a-odstranovanie-krikov-popri-cestach-v-okrese-dunajska-streda","status":"publish","type":"post","link":"https:\/\/www.spravaciest.sk\/hu\/2020\/05\/27\/kosenie-a-odstranovanie-krikov-popri-cestach-v-okrese-dunajska-streda\/","title":{"rendered":"Kosenie a odstra\u0148ovanie kr\u00edkov popri cest\u00e1ch v okrese Dunajsk\u00e1 Streda"},"content":{"rendered":"<p><div class=\"fusion-fullwidth fullwidth-box fusion-builder-row-1 nonhundred-percent-fullwidth non-hundred-percent-height-scrolling\" style=\"--awb-border-radius-top-left:0px;--awb-border-radius-top-right:0px;--awb-border-radius-bottom-right:0px;--awb-border-radius-bottom-left:0px;--awb-flex-wrap:wrap;\" ><div class=\"fusion-builder-row fusion-row\"><div class=\"fusion-layout-column fusion_builder_column fusion-builder-column-0 fusion_builder_column_1_1 1_1 fusion-one-full fusion-column-first fusion-column-last\" style=\"--awb-bg-size:cover;--awb-margin-bottom:0px;\"><div class=\"fusion-column-wrapper fusion-flex-column-wrapper-legacy\"><div class=\"fusion-text fusion-text-1\"><p style=\"text-align: justify;\">V posledn\u00fdch d\u0148och pokra\u010dujeme s kosen\u00edm porastov a divorast\u00facich kr\u00edkov pri cest\u00e1ch II. a III. triedy v spr\u00e1ve S\u00daC TTSK. Tieto \u00faseky u\u017e boli viac ako dos\u0165 zarasten\u00e9 a tak bolo na \u010dase da\u0165 ich do vyhovuj\u00faceho stavu, ktor\u00fd nebude obmedzova\u0165 vodi\u010dov. Pr\u00e1ce moment\u00e1lne prebiehaj\u00fa v okrese Dunajsk\u00e1 Streda. V tabu\u013eke m\u00f4\u017eete vidie\u0165 v\u0161etky \u00faseky:<\/p>\n<\/div>\n<div class=\"table-1\">\n<table style=\"width: 100%; height: 115px;\" width=\"100%\">\n<thead>\n<tr style=\"height: 23px;\">\n<th style=\"height: 23px; text-align: center; width: 28.2954%;\" align=\"left\">\u010c\u00edslo cesty<\/th>\n<th style=\"height: 23px; text-align: center; width: 42.5%;\" align=\"left\">\u00dasek (obce)<\/th>\n<th style=\"height: 23px; text-align: center; width: 28.4091%;\" align=\"left\">\u010cinnos\u0165<\/th>\n<\/tr>\n<\/thead>\n<tbody>\n<tr style=\"height: 23px;\">\n<td style=\"height: 23px; width: 28.2954%; text-align: center;\" align=\"left\">III\/1401<\/td>\n<td style=\"height: 23px; width: 42.5%; text-align: center;\" align=\"left\">Doln\u00fd \u0160t\u00e1l \u2013 Pad\u00e1\u0148<\/td>\n<td style=\"height: 23px; width: 28.4091%; text-align: center;\" align=\"left\">kosenie<\/td>\n<\/tr>\n<tr style=\"height: 23px;\">\n<td style=\"height: 23px; width: 28.2954%; text-align: center;\" align=\"left\">III\/1402<\/td>\n<td style=\"height: 23px; width: 42.5%; text-align: center;\" align=\"left\">Doln\u00fd \u0160t\u00e1l \u2013 Bohe\u013eov<\/td>\n<td style=\"height: 23px; width: 28.4091%; text-align: center;\" align=\"left\">kosenie<\/td>\n<\/tr>\n<tr style=\"height: 23px;\">\n<td style=\"height: 23px; width: 28.2954%; text-align: center;\" align=\"left\">II\/506<\/td>\n<td style=\"height: 23px; width: 42.5%; text-align: center;\" align=\"left\">Medve\u010fov \u2013 Sap<\/td>\n<td style=\"height: 23px; width: 28.4091%; text-align: center;\" align=\"left\">odstra\u0148ovanie kr\u00edkov<\/td>\n<\/tr>\n<tr style=\"height: 23px;\">\n<td style=\"height: 23px; width: 28.2954%; text-align: center;\" align=\"left\">III\/1399<\/td>\n<td style=\"height: 23px; width: 42.5%; text-align: center;\" align=\"left\">Trhov\u00e1 Hradsk\u00e1 -Topo\u013en\u00edky<\/td>\n<td style=\"height: 23px; width: 28.4091%; text-align: center;\" align=\"left\">kosenie<\/td>\n<\/tr>\n<\/tbody>\n<\/table>\n<\/div>\n\n<p>&nbsp;<\/p>\n<p style=\"text-align: justify;\">V \u010fal\u0161om obdob\u00ed pl\u00e1nujeme pokra\u010dova\u0165 aj v in\u00fdch okresoch, ktor\u00e9 patria pod na\u0161u spr\u00e1vu. V\u0161etky inform\u00e1cie v\u00e1m sprostredkujeme pomocou na\u0161ej str\u00e1nky. Rovnako by sme v\u00e1s, na\u0161ich ob\u010danov, chceli poprosi\u0165, keby ste vedeli o nejakom \u00faseku, ktor\u00fd je v nevyhovuj\u00facom stave, aby ste nev\u00e1hali a dali n\u00e1m o tom vedie\u0165. M\u00f4\u017eete tak urobi\u0165 prostredn\u00edctvom tla\u010didla \u201enahl\u00e1si\u0165 probl\u00e9m\u201c na hlavnej str\u00e1nke v pravom hornom rohu alebo mailom na <a href=\"mailto:sekretariat@spravaciest.sk\" target=\"_blank\" rel=\"noopener noreferrer\">sekretariat@spravaciest.sk<\/a>. \u010eakujeme.<\/p>\n<div class=\"awb-gallery-wrapper awb-gallery-wrapper-1 button-span-no\"><div style=\"margin:-5px;--awb-bordersize:0px;\" class=\"fusion-gallery fusion-gallery-container fusion-grid-3 fusion-columns-total-6 fusion-gallery-layout-grid fusion-gallery-1\"><div style=\"padding:5px;\" class=\"fusion-grid-column fusion-gallery-column fusion-gallery-column-3 hover-type-none\"><div class=\"fusion-gallery-image\"><a href=\"https:\/\/www.spravaciest.sk\/wp-content\/uploads\/2020\/05\/cesty-III-1401-1-scaled-e1590575929604.jpg\" rel=\"noreferrer\" data-rel=\"iLightbox[gallery_image_1]\" class=\"fusion-lightbox\" target=\"_self\"><img decoding=\"async\" src=\"https:\/\/www.spravaciest.sk\/wp-content\/uploads\/2020\/05\/cesty-III-1401-1-scaled-e1590575929604.jpg\" data-orig-src=\"https:\/\/www.spravaciest.sk\/wp-content\/uploads\/2020\/05\/cesty-III-1401-1-scaled-e1590575929604.jpg\" width=\"2560\" height=\"1708\" alt=\"\" title=\"Kosenie a odstra\u0148ovanie kr\u00edkov popri cest\u00e1ch v okrese Dunajsk\u00e1 Streda\" aria-label=\"Kosenie a odstra\u0148ovanie kr\u00edkov popri cest\u00e1ch v okrese Dunajsk\u00e1 Streda\" class=\"lazyload img-responsive wp-image-1310\" srcset=\"data:image\/svg+xml,%3Csvg%20xmlns%3D%27http%3A%2F%2Fwww.w3.org%2F2000%2Fsvg%27%20width%3D%272560%27%20height%3D%271708%27%20viewBox%3D%270%200%202560%201708%27%3E%3Crect%20width%3D%272560%27%20height%3D%271708%27%20fill-opacity%3D%220%22%2F%3E%3C%2Fsvg%3E\" data-srcset=\"https:\/\/www.spravaciest.sk\/wp-content\/uploads\/2020\/05\/cesty-III-1401-1-scaled-e1590575929604-200x133.jpg 200w, https:\/\/www.spravaciest.sk\/wp-content\/uploads\/2020\/05\/cesty-III-1401-1-scaled-e1590575929604-400x267.jpg 400w, https:\/\/www.spravaciest.sk\/wp-content\/uploads\/2020\/05\/cesty-III-1401-1-scaled-e1590575929604-600x400.jpg 600w, https:\/\/www.spravaciest.sk\/wp-content\/uploads\/2020\/05\/cesty-III-1401-1-scaled-e1590575929604-800x534.jpg 800w, https:\/\/www.spravaciest.sk\/wp-content\/uploads\/2020\/05\/cesty-III-1401-1-scaled-e1590575929604-1200x801.jpg 1200w, https:\/\/www.spravaciest.sk\/wp-content\/uploads\/2020\/05\/cesty-III-1401-1-scaled-e1590575929604.jpg 2560w\" data-sizes=\"auto\" data-orig-sizes=\"(min-width: 2200px) 100vw, (min-width: 784px) 363px, (min-width: 712px) 545px, (min-width: 640px) 712px, \" \/><\/a><\/div><\/div><div style=\"padding:5px;\" class=\"fusion-grid-column fusion-gallery-column fusion-gallery-column-3 hover-type-none\"><div class=\"fusion-gallery-image\"><a href=\"https:\/\/www.spravaciest.sk\/wp-content\/uploads\/2020\/05\/cesty-II-506-1-scaled-e1590575987459.jpg\" rel=\"noreferrer\" data-rel=\"iLightbox[gallery_image_1]\" class=\"fusion-lightbox\" target=\"_self\"><img decoding=\"async\" src=\"https:\/\/www.spravaciest.sk\/wp-content\/uploads\/2020\/05\/cesty-II-506-1-scaled-e1590575987459.jpg\" data-orig-src=\"https:\/\/www.spravaciest.sk\/wp-content\/uploads\/2020\/05\/cesty-II-506-1-scaled-e1590575987459.jpg\" width=\"1920\" height=\"1280\" alt=\"\" title=\"Kosenie a odstra\u0148ovanie kr\u00edkov popri cest\u00e1ch v okrese Dunajsk\u00e1 Streda\" aria-label=\"Kosenie a odstra\u0148ovanie kr\u00edkov popri cest\u00e1ch v okrese Dunajsk\u00e1 Streda\" class=\"lazyload img-responsive wp-image-1312\" srcset=\"data:image\/svg+xml,%3Csvg%20xmlns%3D%27http%3A%2F%2Fwww.w3.org%2F2000%2Fsvg%27%20width%3D%271920%27%20height%3D%271280%27%20viewBox%3D%270%200%201920%201280%27%3E%3Crect%20width%3D%271920%27%20height%3D%271280%27%20fill-opacity%3D%220%22%2F%3E%3C%2Fsvg%3E\" data-srcset=\"https:\/\/www.spravaciest.sk\/wp-content\/uploads\/2020\/05\/cesty-II-506-1-scaled-e1590575987459-200x133.jpg 200w, https:\/\/www.spravaciest.sk\/wp-content\/uploads\/2020\/05\/cesty-II-506-1-scaled-e1590575987459-400x267.jpg 400w, https:\/\/www.spravaciest.sk\/wp-content\/uploads\/2020\/05\/cesty-II-506-1-scaled-e1590575987459-600x400.jpg 600w, https:\/\/www.spravaciest.sk\/wp-content\/uploads\/2020\/05\/cesty-II-506-1-scaled-e1590575987459-800x533.jpg 800w, https:\/\/www.spravaciest.sk\/wp-content\/uploads\/2020\/05\/cesty-II-506-1-scaled-e1590575987459-1200x800.jpg 1200w, https:\/\/www.spravaciest.sk\/wp-content\/uploads\/2020\/05\/cesty-II-506-1-scaled-e1590575987459.jpg 1920w\" data-sizes=\"auto\" data-orig-sizes=\"(min-width: 2200px) 100vw, (min-width: 784px) 363px, (min-width: 712px) 545px, (min-width: 640px) 712px, \" \/><\/a><\/div><\/div><div style=\"padding:5px;\" class=\"fusion-grid-column fusion-gallery-column fusion-gallery-column-3 hover-type-none\"><div class=\"fusion-gallery-image\"><a href=\"https:\/\/www.spravaciest.sk\/wp-content\/uploads\/2020\/05\/cesty-III-1401-3-scaled-e1590576103391.jpg\" rel=\"noreferrer\" data-rel=\"iLightbox[gallery_image_1]\" class=\"fusion-lightbox\" target=\"_self\"><img decoding=\"async\" src=\"https:\/\/www.spravaciest.sk\/wp-content\/uploads\/2020\/05\/cesty-III-1401-3-scaled-e1590576103391.jpg\" data-orig-src=\"https:\/\/www.spravaciest.sk\/wp-content\/uploads\/2020\/05\/cesty-III-1401-3-scaled-e1590576103391.jpg\" width=\"2560\" height=\"1708\" alt=\"\" title=\"Kosenie a odstra\u0148ovanie kr\u00edkov popri cest\u00e1ch v okrese Dunajsk\u00e1 Streda\" aria-label=\"Kosenie a odstra\u0148ovanie kr\u00edkov popri cest\u00e1ch v okrese Dunajsk\u00e1 Streda\" class=\"lazyload img-responsive wp-image-1314\" srcset=\"data:image\/svg+xml,%3Csvg%20xmlns%3D%27http%3A%2F%2Fwww.w3.org%2F2000%2Fsvg%27%20width%3D%272560%27%20height%3D%271708%27%20viewBox%3D%270%200%202560%201708%27%3E%3Crect%20width%3D%272560%27%20height%3D%271708%27%20fill-opacity%3D%220%22%2F%3E%3C%2Fsvg%3E\" data-srcset=\"https:\/\/www.spravaciest.sk\/wp-content\/uploads\/2020\/05\/cesty-III-1401-3-scaled-e1590576103391-200x133.jpg 200w, https:\/\/www.spravaciest.sk\/wp-content\/uploads\/2020\/05\/cesty-III-1401-3-scaled-e1590576103391-400x267.jpg 400w, https:\/\/www.spravaciest.sk\/wp-content\/uploads\/2020\/05\/cesty-III-1401-3-scaled-e1590576103391-600x400.jpg 600w, https:\/\/www.spravaciest.sk\/wp-content\/uploads\/2020\/05\/cesty-III-1401-3-scaled-e1590576103391-800x534.jpg 800w, https:\/\/www.spravaciest.sk\/wp-content\/uploads\/2020\/05\/cesty-III-1401-3-scaled-e1590576103391-1200x801.jpg 1200w, https:\/\/www.spravaciest.sk\/wp-content\/uploads\/2020\/05\/cesty-III-1401-3-scaled-e1590576103391.jpg 2560w\" data-sizes=\"auto\" data-orig-sizes=\"(min-width: 2200px) 100vw, (min-width: 784px) 363px, (min-width: 712px) 545px, (min-width: 640px) 712px, \" \/><\/a><\/div><\/div><div class=\"clearfix\"><\/div><div style=\"padding:5px;\" class=\"fusion-grid-column fusion-gallery-column fusion-gallery-column-3 hover-type-none\"><div class=\"fusion-gallery-image\"><a href=\"https:\/\/www.spravaciest.sk\/wp-content\/uploads\/2020\/05\/cesty-II-506-2-scaled-e1590576212533.jpg\" rel=\"noreferrer\" data-rel=\"iLightbox[gallery_image_1]\" class=\"fusion-lightbox\" target=\"_self\"><img decoding=\"async\" src=\"https:\/\/www.spravaciest.sk\/wp-content\/uploads\/2020\/05\/cesty-II-506-2-scaled-e1590576212533.jpg\" data-orig-src=\"https:\/\/www.spravaciest.sk\/wp-content\/uploads\/2020\/05\/cesty-II-506-2-scaled-e1590576212533.jpg\" width=\"1920\" height=\"1280\" alt=\"\" title=\"Kosenie a odstra\u0148ovanie kr\u00edkov popri cest\u00e1ch v okrese Dunajsk\u00e1 Streda\" aria-label=\"Kosenie a odstra\u0148ovanie kr\u00edkov popri cest\u00e1ch v okrese Dunajsk\u00e1 Streda\" class=\"lazyload img-responsive wp-image-1311\" srcset=\"data:image\/svg+xml,%3Csvg%20xmlns%3D%27http%3A%2F%2Fwww.w3.org%2F2000%2Fsvg%27%20width%3D%271920%27%20height%3D%271280%27%20viewBox%3D%270%200%201920%201280%27%3E%3Crect%20width%3D%271920%27%20height%3D%271280%27%20fill-opacity%3D%220%22%2F%3E%3C%2Fsvg%3E\" data-srcset=\"https:\/\/www.spravaciest.sk\/wp-content\/uploads\/2020\/05\/cesty-II-506-2-scaled-e1590576212533-200x133.jpg 200w, https:\/\/www.spravaciest.sk\/wp-content\/uploads\/2020\/05\/cesty-II-506-2-scaled-e1590576212533-400x267.jpg 400w, https:\/\/www.spravaciest.sk\/wp-content\/uploads\/2020\/05\/cesty-II-506-2-scaled-e1590576212533-600x400.jpg 600w, https:\/\/www.spravaciest.sk\/wp-content\/uploads\/2020\/05\/cesty-II-506-2-scaled-e1590576212533-800x533.jpg 800w, https:\/\/www.spravaciest.sk\/wp-content\/uploads\/2020\/05\/cesty-II-506-2-scaled-e1590576212533-1200x800.jpg 1200w, https:\/\/www.spravaciest.sk\/wp-content\/uploads\/2020\/05\/cesty-II-506-2-scaled-e1590576212533.jpg 1920w\" data-sizes=\"auto\" data-orig-sizes=\"(min-width: 2200px) 100vw, (min-width: 784px) 363px, (min-width: 712px) 545px, (min-width: 640px) 712px, \" \/><\/a><\/div><\/div><div style=\"padding:5px;\" class=\"fusion-grid-column fusion-gallery-column fusion-gallery-column-3 hover-type-none\"><div class=\"fusion-gallery-image\"><a href=\"https:\/\/www.spravaciest.sk\/wp-content\/uploads\/2020\/05\/kosenie-III-1399-2-scaled-e1590576280437.jpg\" rel=\"noreferrer\" data-rel=\"iLightbox[gallery_image_1]\" class=\"fusion-lightbox\" target=\"_self\"><img decoding=\"async\" src=\"https:\/\/www.spravaciest.sk\/wp-content\/uploads\/2020\/05\/kosenie-III-1399-2-scaled-e1590576280437.jpg\" data-orig-src=\"https:\/\/www.spravaciest.sk\/wp-content\/uploads\/2020\/05\/kosenie-III-1399-2-scaled-e1590576280437.jpg\" width=\"2560\" height=\"1708\" alt=\"\" title=\"Kosenie a odstra\u0148ovanie kr\u00edkov popri cest\u00e1ch v okrese Dunajsk\u00e1 Streda\" aria-label=\"Kosenie a odstra\u0148ovanie kr\u00edkov popri cest\u00e1ch v okrese Dunajsk\u00e1 Streda\" class=\"lazyload img-responsive wp-image-1316\" srcset=\"data:image\/svg+xml,%3Csvg%20xmlns%3D%27http%3A%2F%2Fwww.w3.org%2F2000%2Fsvg%27%20width%3D%272560%27%20height%3D%271708%27%20viewBox%3D%270%200%202560%201708%27%3E%3Crect%20width%3D%272560%27%20height%3D%271708%27%20fill-opacity%3D%220%22%2F%3E%3C%2Fsvg%3E\" data-srcset=\"https:\/\/www.spravaciest.sk\/wp-content\/uploads\/2020\/05\/kosenie-III-1399-2-scaled-e1590576280437-200x133.jpg 200w, https:\/\/www.spravaciest.sk\/wp-content\/uploads\/2020\/05\/kosenie-III-1399-2-scaled-e1590576280437-400x267.jpg 400w, https:\/\/www.spravaciest.sk\/wp-content\/uploads\/2020\/05\/kosenie-III-1399-2-scaled-e1590576280437-600x400.jpg 600w, https:\/\/www.spravaciest.sk\/wp-content\/uploads\/2020\/05\/kosenie-III-1399-2-scaled-e1590576280437-800x534.jpg 800w, https:\/\/www.spravaciest.sk\/wp-content\/uploads\/2020\/05\/kosenie-III-1399-2-scaled-e1590576280437-1200x801.jpg 1200w, https:\/\/www.spravaciest.sk\/wp-content\/uploads\/2020\/05\/kosenie-III-1399-2-scaled-e1590576280437.jpg 2560w\" data-sizes=\"auto\" data-orig-sizes=\"(min-width: 2200px) 100vw, (min-width: 784px) 363px, (min-width: 712px) 545px, (min-width: 640px) 712px, \" \/><\/a><\/div><\/div><div style=\"padding:5px;\" class=\"fusion-grid-column fusion-gallery-column fusion-gallery-column-3 hover-type-none\"><div class=\"fusion-gallery-image\"><a href=\"https:\/\/www.spravaciest.sk\/wp-content\/uploads\/2020\/05\/kosenie-III-1399-1-scaled-e1590576339973.jpg\" rel=\"noreferrer\" data-rel=\"iLightbox[gallery_image_1]\" class=\"fusion-lightbox\" target=\"_self\"><img decoding=\"async\" src=\"https:\/\/www.spravaciest.sk\/wp-content\/uploads\/2020\/05\/kosenie-III-1399-1-scaled-e1590576339973.jpg\" data-orig-src=\"https:\/\/www.spravaciest.sk\/wp-content\/uploads\/2020\/05\/kosenie-III-1399-1-scaled-e1590576339973.jpg\" width=\"2560\" height=\"1708\" alt=\"\" title=\"Kosenie a odstra\u0148ovanie kr\u00edkov popri cest\u00e1ch v okrese Dunajsk\u00e1 Streda\" aria-label=\"Kosenie a odstra\u0148ovanie kr\u00edkov popri cest\u00e1ch v okrese Dunajsk\u00e1 Streda\" class=\"lazyload img-responsive wp-image-1315\" srcset=\"data:image\/svg+xml,%3Csvg%20xmlns%3D%27http%3A%2F%2Fwww.w3.org%2F2000%2Fsvg%27%20width%3D%272560%27%20height%3D%271708%27%20viewBox%3D%270%200%202560%201708%27%3E%3Crect%20width%3D%272560%27%20height%3D%271708%27%20fill-opacity%3D%220%22%2F%3E%3C%2Fsvg%3E\" data-srcset=\"https:\/\/www.spravaciest.sk\/wp-content\/uploads\/2020\/05\/kosenie-III-1399-1-scaled-e1590576339973-200x133.jpg 200w, https:\/\/www.spravaciest.sk\/wp-content\/uploads\/2020\/05\/kosenie-III-1399-1-scaled-e1590576339973-400x267.jpg 400w, https:\/\/www.spravaciest.sk\/wp-content\/uploads\/2020\/05\/kosenie-III-1399-1-scaled-e1590576339973-600x400.jpg 600w, https:\/\/www.spravaciest.sk\/wp-content\/uploads\/2020\/05\/kosenie-III-1399-1-scaled-e1590576339973-800x534.jpg 800w, https:\/\/www.spravaciest.sk\/wp-content\/uploads\/2020\/05\/kosenie-III-1399-1-scaled-e1590576339973-1200x801.jpg 1200w, https:\/\/www.spravaciest.sk\/wp-content\/uploads\/2020\/05\/kosenie-III-1399-1-scaled-e1590576339973.jpg 2560w\" data-sizes=\"auto\" data-orig-sizes=\"(min-width: 2200px) 100vw, (min-width: 784px) 363px, (min-width: 712px) 545px, (min-width: 640px) 712px, \" \/><\/a><\/div><\/div><div class=\"clearfix\"><\/div><\/div><\/div><div class=\"fusion-clearfix\"><\/div><\/div><\/div><\/div><\/div><div class=\"fusion-fullwidth fullwidth-box fusion-builder-row-2 nonhundred-percent-fullwidth non-hundred-percent-height-scrolling\" style=\"--awb-border-radius-top-left:0px;--awb-border-radius-top-right:0px;--awb-border-radius-bottom-right:0px;--awb-border-radius-bottom-left:0px;--awb-flex-wrap:wrap;\" ><div class=\"fusion-builder-row fusion-row\"><div class=\"fusion-layout-column fusion_builder_column fusion-builder-column-1 fusion_builder_column_1_1 1_1 fusion-one-full fusion-column-first fusion-column-last\" style=\"--awb-bg-size:cover;--awb-margin-bottom:0px;\"><div class=\"fusion-column-wrapper fusion-flex-column-wrapper-legacy\"><div class=\"fusion-text fusion-text-2\"><\/div><div class=\"fusion-clearfix\"><\/div><\/div><\/div><\/div><\/div><\/p>\n","protected":false},"excerpt":{"rendered":"","protected":false},"author":1,"featured_media":1319,"comment_status":"open","ping_status":"open","sticky":false,"template":"","format":"standard","meta":{"_monsterinsights_skip_tracking":false,"_monsterinsights_sitenote_active":false,"_monsterinsights_sitenote_note":"","_monsterinsights_sitenote_category":0,"footnotes":""},"categories":[3],"tags":[],"class_list":["post-1309","post","type-post","status-publish","format-standard","has-post-thumbnail","hentry","category-aktuality"],"_links":{"self":[{"href":"https:\/\/www.spravaciest.sk\/hu\/wp-json\/wp\/v2\/posts\/1309","targetHints":{"allow":["GET"]}}],"collection":[{"href":"https:\/\/www.spravaciest.sk\/hu\/wp-json\/wp\/v2\/posts"}],"about":[{"href":"https:\/\/www.spravaciest.sk\/hu\/wp-json\/wp\/v2\/types\/post"}],"author":[{"embeddable":true,"href":"https:\/\/www.spravaciest.sk\/hu\/wp-json\/wp\/v2\/users\/1"}],"replies":[{"embeddable":true,"href":"https:\/\/www.spravaciest.sk\/hu\/wp-json\/wp\/v2\/comments?post=1309"}],"version-history":[{"count":0,"href":"https:\/\/www.spravaciest.sk\/hu\/wp-json\/wp\/v2\/posts\/1309\/revisions"}],"wp:featuredmedia":[{"embeddable":true,"href":"https:\/\/www.spravaciest.sk\/hu\/wp-json\/wp\/v2\/media\/1319"}],"wp:attachment":[{"href":"https:\/\/www.spravaciest.sk\/hu\/wp-json\/wp\/v2\/media?parent=1309"}],"wp:term":[{"taxonomy":"category","embeddable":true,"href":"https:\/\/www.spravaciest.sk\/hu\/wp-json\/wp\/v2\/categories?post=1309"},{"taxonomy":"post_tag","embeddable":true,"href":"https:\/\/www.spravaciest.sk\/hu\/wp-json\/wp\/v2\/tags?post=1309"}],"curies":[{"name":"wp","href":"https:\/\/api.w.org\/{rel}","templated":true}]}}