{"id":1338,"date":"2020-06-05T07:20:26","date_gmt":"2020-06-05T05:20:26","guid":{"rendered":"http:\/\/www.spravaciest.sk\/?p=1338"},"modified":"2020-06-05T10:18:34","modified_gmt":"2020-06-05T08:18:34","slug":"otvarenie-hranic-s-okolitymi-krajinami","status":"publish","type":"post","link":"https:\/\/www.spravaciest.sk\/hu\/2020\/06\/05\/otvarenie-hranic-s-okolitymi-krajinami\/","title":{"rendered":"Otv\u00e1renie hran\u00edc s okolit\u00fdmi krajinami"},"content":{"rendered":"<div class=\"fusion-fullwidth fullwidth-box fusion-builder-row-1 nonhundred-percent-fullwidth non-hundred-percent-height-scrolling\" style=\"--awb-border-radius-top-left:0px;--awb-border-radius-top-right:0px;--awb-border-radius-bottom-right:0px;--awb-border-radius-bottom-left:0px;--awb-flex-wrap:wrap;\" ><div class=\"fusion-builder-row fusion-row\"><div class=\"fusion-layout-column fusion_builder_column fusion-builder-column-0 fusion_builder_column_1_1 1_1 fusion-one-full fusion-column-first fusion-column-last\" style=\"--awb-bg-size:cover;--awb-margin-bottom:0px;\"><div class=\"fusion-column-wrapper fusion-flex-column-wrapper-legacy\"><div class=\"fusion-text fusion-text-1\"><p style=\"text-align: justify;\">Od polnoci zo stredy 3. j\u00fana na \u0161tvrtok 4. j\u00fana sa obnovil neobmedzen\u00fd re\u017eim na hraniciach medzi Slovenskou republikou a \u010ceskou republikou. Premi\u00e9ri oboch kraj\u00edn Igor Matovi\u010d a Andrej Babi\u0161 to potvrdili pred za\u010diatkom ich rokovania v r\u00e1mci\u00a0 zahrani\u010dnej pracovnej cesty predsedu vl\u00e1dy SR Matovi\u010da v stredu 3. j\u00fana 2020 v Prahe.<\/p>\n<p>Slovensk\u00e1 republika prist\u00fapila\u00a0 po otvoren\u00ed hran\u00edc s \u010ceskou republiku aj k dodato\u010dn\u00e9mu uvo\u013eneniu hrani\u010dn\u00e9ho re\u017eimu s Rak\u00faskou republikou a Ma\u010farskom, a to od piatka 5. j\u00fana 2020 od 8:00. Zru\u0161enie obmedzen\u00ed ozn\u00e1mil v piatok r\u00e1no na slovensko-ma\u010farskom hrani\u010dnom priechode Medve\u010fov &#8211; V\u00e1mosszabadi predseda vl\u00e1dy SR Igor Matovi\u010d spolu s ma\u010farsk\u00fdm vicepremi\u00e9rom Zsoltom Semj\u00e9nom.<\/p>\n<p style=\"text-align: justify;\">Zlomov\u00fdm bodom pri \u00favah\u00e1ch o mo\u017enom otvoren\u00ed\u00a0 hran\u00edc bol pod\u013ea Igora Matovi\u010da n\u00e1zor konz\u00edlia odborn\u00edkov.<\/p>\n<p style=\"text-align: justify;\"><span style=\"font-weight: 400;\">V\u0161etci s trval\u00fdm alebo prechodn\u00fdm pobytom alebo zdr\u017eiavaj\u00faci sa na \u00fazem\u00ed Slovenska, \u010ciech, Ma\u010farska a Rak\u00faska m\u00f4\u017eu bez obmedzen\u00ed vstupova\u0165 na \u00fazemia ostatn\u00fdch \u0161t\u00e1tov cez hrani\u010dn\u00e9 priechody na spolo\u010dnej hranici. Ak nem\u00e1te potvrdenie o pobyte, fakt, \u017ee sa zdr\u017eiavate v danej krajine alebo na Slovensku, ste povinn\u00ed dok\u00e1za\u0165 najmenej dvomi hodnovern\u00fdmi dokladmi (napr. preukaz o zdravotnom poisten\u00ed, n\u00e1jomn\u00e1 zmluva, pracovn\u00e1 zmluva, dohoda o vykonan\u00ed pr\u00e1ce, potvrdenie od zamestn\u00e1vate\u013ea, list vlastn\u00edctva k nehnute\u013enosti ur\u010denej na b\u00fdvanie, \u017eivnostensk\u00fd list, potvrdenie o platbe inkasa, potvrdenie o zriaden\u00ed \u00fa\u010dtu v banke, poistn\u00e1 zmluva).<\/span><\/p>\n<p style=\"text-align: justify;\">Pre Trnavsk\u00fd kraj sa obmedzenia ru\u0161ia na t\u00fdchto hrani\u010dn\u00fdch priechodoch:<\/p>\n<\/div>\n<div class=\"table-1\">\n<table style=\"width: 100%; height: 138px;\" width=\"100%\">\n<thead>\n<tr style=\"height: 23px;\">\n<th style=\"text-align: center; height: 23px;\" align=\"left\">\u0160t\u00e1t<\/th>\n<th style=\"text-align: center; height: 23px;\" align=\"left\">Hrani\u010dn\u00fd priechod<\/th>\n<th style=\"height: 23px; text-align: center;\" align=\"left\">\u010c\u00edslo cesty<\/th>\n<\/tr>\n<\/thead>\n<tbody>\n<tr style=\"height: 23px;\">\n<td style=\"text-align: center; height: 23px;\" align=\"left\">\u010cesk\u00e1 republika<\/td>\n<td style=\"text-align: center; height: 23px;\" align=\"left\">Holi\u010d &#8211; Hodon\u00edn<\/td>\n<td style=\"height: 23px; text-align: center;\" align=\"left\">I\/51<\/td>\n<\/tr>\n<tr style=\"height: 23px;\">\n<td style=\"text-align: center; height: 23px;\" align=\"left\">\u010cesk\u00e1 republika<\/td>\n<td style=\"text-align: center; height: 23px;\" align=\"left\">Brodsk\u00e9 &#8211; Lan\u017ehot<\/td>\n<td style=\"height: 23px; text-align: center;\" align=\"left\">II\/425<\/td>\n<\/tr>\n<tr style=\"height: 23px;\">\n<td style=\"text-align: center; height: 23px;\" align=\"left\">\u010cesk\u00e1 republika<\/td>\n<td style=\"text-align: center; height: 23px;\" align=\"left\">Skalica &#8211; Sudome\u0159ice<\/td>\n<td style=\"height: 23px; text-align: center;\" align=\"left\">II\/426<\/td>\n<\/tr>\n<tr style=\"height: 23px;\">\n<td style=\"height: 23px; text-align: center;\" align=\"left\">Rak\u00fasko<\/td>\n<td style=\"height: 23px; text-align: center;\" align=\"left\">Moravsk\u00fd Sv\u00e4t\u00fd J\u00e1n &#8211; Hohenau<\/td>\n<td style=\"height: 23px; text-align: center;\" align=\"left\">III \/00238<\/td>\n<\/tr>\n<tr style=\"height: 23px;\">\n<td style=\"height: 23px; text-align: center;\" align=\"left\">Ma\u010farsko<\/td>\n<td style=\"height: 23px; text-align: center;\" align=\"left\">Medve\u010fov &#8211; V\u00e1moszabadi<\/td>\n<td style=\"height: 23px; text-align: center;\" align=\"left\">I\/13<\/td>\n<\/tr>\n<\/tbody>\n<\/table>\n<\/div>\n<div class=\"fusion-text fusion-text-2\"><p>&nbsp;<\/p>\n<\/div><div class=\"awb-gallery-wrapper awb-gallery-wrapper-1 button-span-no\"><div style=\"margin:-5px;--awb-bordersize:0px;\" class=\"fusion-gallery fusion-gallery-container fusion-grid-3 fusion-columns-total-5 fusion-gallery-layout-grid fusion-gallery-1\"><div style=\"padding:5px;\" class=\"fusion-grid-column fusion-gallery-column fusion-gallery-column-3 hover-type-none\"><div class=\"fusion-gallery-image\"><a href=\"https:\/\/www.spravaciest.sk\/wp-content\/uploads\/2020\/06\/hranice-\u010ds.jpg\" rel=\"noreferrer\" data-rel=\"iLightbox[gallery_image_1]\" class=\"fusion-lightbox\" target=\"_self\"><img decoding=\"async\" src=\"https:\/\/www.spravaciest.sk\/wp-content\/uploads\/2020\/06\/hranice-\u010ds.jpg\" data-orig-src=\"https:\/\/www.spravaciest.sk\/wp-content\/uploads\/2020\/06\/hranice-\u010ds.jpg\" width=\"1968\" height=\"1312\" alt=\"\" title=\"Otvorenie hran\u00edc s na\u0161imi susedmi\" aria-label=\"Otvorenie hran\u00edc s na\u0161imi susedmi\" class=\"lazyload img-responsive wp-image-1345\" srcset=\"data:image\/svg+xml,%3Csvg%20xmlns%3D%27http%3A%2F%2Fwww.w3.org%2F2000%2Fsvg%27%20width%3D%271968%27%20height%3D%271312%27%20viewBox%3D%270%200%201968%201312%27%3E%3Crect%20width%3D%271968%27%20height%3D%271312%27%20fill-opacity%3D%220%22%2F%3E%3C%2Fsvg%3E\" data-srcset=\"https:\/\/www.spravaciest.sk\/wp-content\/uploads\/2020\/06\/hranice-\u010ds-200x133.jpg 200w, https:\/\/www.spravaciest.sk\/wp-content\/uploads\/2020\/06\/hranice-\u010ds-400x267.jpg 400w, https:\/\/www.spravaciest.sk\/wp-content\/uploads\/2020\/06\/hranice-\u010ds-600x400.jpg 600w, https:\/\/www.spravaciest.sk\/wp-content\/uploads\/2020\/06\/hranice-\u010ds-800x533.jpg 800w, https:\/\/www.spravaciest.sk\/wp-content\/uploads\/2020\/06\/hranice-\u010ds-1200x800.jpg 1200w, https:\/\/www.spravaciest.sk\/wp-content\/uploads\/2020\/06\/hranice-\u010ds.jpg 1968w\" data-sizes=\"auto\" data-orig-sizes=\"(min-width: 2200px) 100vw, (min-width: 784px) 363px, (min-width: 712px) 545px, (min-width: 640px) 712px, \" \/><\/a><\/div><\/div><div style=\"padding:5px;\" class=\"fusion-grid-column fusion-gallery-column fusion-gallery-column-3 hover-type-none\"><div class=\"fusion-gallery-image\"><a href=\"https:\/\/www.spravaciest.sk\/wp-content\/uploads\/2020\/06\/hranice-\u010ds2-e1591259295621.jpg\" rel=\"noreferrer\" data-rel=\"iLightbox[gallery_image_1]\" class=\"fusion-lightbox\" target=\"_self\"><img decoding=\"async\" src=\"https:\/\/www.spravaciest.sk\/wp-content\/uploads\/2020\/06\/hranice-\u010ds2-e1591259295621.jpg\" data-orig-src=\"https:\/\/www.spravaciest.sk\/wp-content\/uploads\/2020\/06\/hranice-\u010ds2-e1591259295621.jpg\" width=\"459\" height=\"306\" alt=\"\" title=\"Otvorenie hran\u00edc s na\u0161imi susedmi\" aria-label=\"Otvorenie hran\u00edc s na\u0161imi susedmi\" class=\"lazyload img-responsive wp-image-1344\" srcset=\"data:image\/svg+xml,%3Csvg%20xmlns%3D%27http%3A%2F%2Fwww.w3.org%2F2000%2Fsvg%27%20width%3D%27459%27%20height%3D%27306%27%20viewBox%3D%270%200%20459%20306%27%3E%3Crect%20width%3D%27459%27%20height%3D%27306%27%20fill-opacity%3D%220%22%2F%3E%3C%2Fsvg%3E\" data-srcset=\"https:\/\/www.spravaciest.sk\/wp-content\/uploads\/2020\/06\/hranice-\u010ds2-e1591259295621-200x133.jpg 200w, https:\/\/www.spravaciest.sk\/wp-content\/uploads\/2020\/06\/hranice-\u010ds2-e1591259295621-400x267.jpg 400w, https:\/\/www.spravaciest.sk\/wp-content\/uploads\/2020\/06\/hranice-\u010ds2-e1591259295621.jpg 459w\" data-sizes=\"auto\" data-orig-sizes=\"(min-width: 2200px) 100vw, (min-width: 784px) 363px, (min-width: 712px) 545px, (min-width: 640px) 712px, \" \/><\/a><\/div><\/div><div style=\"padding:5px;\" class=\"fusion-grid-column fusion-gallery-column fusion-gallery-column-3 hover-type-none\"><div class=\"fusion-gallery-image\"><a href=\"https:\/\/www.spravaciest.sk\/wp-content\/uploads\/2020\/06\/hranice-\u010ds4.jpg\" rel=\"noreferrer\" data-rel=\"iLightbox[gallery_image_1]\" class=\"fusion-lightbox\" target=\"_self\"><img decoding=\"async\" src=\"https:\/\/www.spravaciest.sk\/wp-content\/uploads\/2020\/06\/hranice-\u010ds4.jpg\" data-orig-src=\"https:\/\/www.spravaciest.sk\/wp-content\/uploads\/2020\/06\/hranice-\u010ds4.jpg\" width=\"700\" height=\"467\" alt=\"\" title=\"Otvorenie hran\u00edc s na\u0161imi susedmi\" aria-label=\"Otvorenie hran\u00edc s na\u0161imi susedmi\" class=\"lazyload img-responsive wp-image-1342\" srcset=\"data:image\/svg+xml,%3Csvg%20xmlns%3D%27http%3A%2F%2Fwww.w3.org%2F2000%2Fsvg%27%20width%3D%27700%27%20height%3D%27467%27%20viewBox%3D%270%200%20700%20467%27%3E%3Crect%20width%3D%27700%27%20height%3D%27467%27%20fill-opacity%3D%220%22%2F%3E%3C%2Fsvg%3E\" data-srcset=\"https:\/\/www.spravaciest.sk\/wp-content\/uploads\/2020\/06\/hranice-\u010ds4-200x133.jpg 200w, https:\/\/www.spravaciest.sk\/wp-content\/uploads\/2020\/06\/hranice-\u010ds4-400x267.jpg 400w, https:\/\/www.spravaciest.sk\/wp-content\/uploads\/2020\/06\/hranice-\u010ds4-600x400.jpg 600w, https:\/\/www.spravaciest.sk\/wp-content\/uploads\/2020\/06\/hranice-\u010ds4.jpg 700w\" data-sizes=\"auto\" data-orig-sizes=\"(min-width: 2200px) 100vw, (min-width: 784px) 363px, (min-width: 712px) 545px, (min-width: 640px) 712px, \" \/><\/a><\/div><\/div><div class=\"clearfix\"><\/div><div style=\"padding:5px;\" class=\"fusion-grid-column fusion-gallery-column fusion-gallery-column-3 hover-type-none\"><div class=\"fusion-gallery-image\"><a href=\"https:\/\/www.spravaciest.sk\/wp-content\/uploads\/2020\/06\/hranice-mad.jpg\" rel=\"noreferrer\" data-rel=\"iLightbox[gallery_image_1]\" class=\"fusion-lightbox\" target=\"_self\"><img decoding=\"async\" src=\"https:\/\/www.spravaciest.sk\/wp-content\/uploads\/2020\/06\/hranice-mad.jpg\" data-orig-src=\"https:\/\/www.spravaciest.sk\/wp-content\/uploads\/2020\/06\/hranice-mad.jpg\" width=\"740\" height=\"492\" alt=\"\" title=\"Otvorenie hran\u00edc s na\u0161imi susedmi\" aria-label=\"Otvorenie hran\u00edc s na\u0161imi susedmi\" class=\"lazyload img-responsive wp-image-1353\" srcset=\"data:image\/svg+xml,%3Csvg%20xmlns%3D%27http%3A%2F%2Fwww.w3.org%2F2000%2Fsvg%27%20width%3D%27740%27%20height%3D%27492%27%20viewBox%3D%270%200%20740%20492%27%3E%3Crect%20width%3D%27740%27%20height%3D%27492%27%20fill-opacity%3D%220%22%2F%3E%3C%2Fsvg%3E\" data-srcset=\"https:\/\/www.spravaciest.sk\/wp-content\/uploads\/2020\/06\/hranice-mad-200x133.jpg 200w, https:\/\/www.spravaciest.sk\/wp-content\/uploads\/2020\/06\/hranice-mad-400x266.jpg 400w, https:\/\/www.spravaciest.sk\/wp-content\/uploads\/2020\/06\/hranice-mad-600x399.jpg 600w, https:\/\/www.spravaciest.sk\/wp-content\/uploads\/2020\/06\/hranice-mad.jpg 740w\" data-sizes=\"auto\" data-orig-sizes=\"(min-width: 2200px) 100vw, (min-width: 784px) 363px, (min-width: 712px) 545px, (min-width: 640px) 712px, \" \/><\/a><\/div><\/div><div style=\"padding:5px;\" class=\"fusion-grid-column fusion-gallery-column fusion-gallery-column-3 hover-type-none\"><div class=\"fusion-gallery-image\"><a href=\"https:\/\/www.spravaciest.sk\/wp-content\/uploads\/2020\/06\/hranice-\u010ds1.jpg\" rel=\"noreferrer\" data-rel=\"iLightbox[gallery_image_1]\" class=\"fusion-lightbox\" target=\"_self\"><img decoding=\"async\" src=\"https:\/\/www.spravaciest.sk\/wp-content\/uploads\/2020\/06\/hranice-\u010ds1.jpg\" data-orig-src=\"https:\/\/www.spravaciest.sk\/wp-content\/uploads\/2020\/06\/hranice-\u010ds1.jpg\" width=\"1200\" height=\"800\" alt=\"\" title=\"Otvorenie hran\u00edc s na\u0161imi susedmi\" aria-label=\"Otvorenie hran\u00edc s na\u0161imi susedmi\" class=\"lazyload img-responsive wp-image-1343\" srcset=\"data:image\/svg+xml,%3Csvg%20xmlns%3D%27http%3A%2F%2Fwww.w3.org%2F2000%2Fsvg%27%20width%3D%271200%27%20height%3D%27800%27%20viewBox%3D%270%200%201200%20800%27%3E%3Crect%20width%3D%271200%27%20height%3D%27800%27%20fill-opacity%3D%220%22%2F%3E%3C%2Fsvg%3E\" data-srcset=\"https:\/\/www.spravaciest.sk\/wp-content\/uploads\/2020\/06\/hranice-\u010ds1-200x133.jpg 200w, https:\/\/www.spravaciest.sk\/wp-content\/uploads\/2020\/06\/hranice-\u010ds1-400x267.jpg 400w, https:\/\/www.spravaciest.sk\/wp-content\/uploads\/2020\/06\/hranice-\u010ds1-600x400.jpg 600w, https:\/\/www.spravaciest.sk\/wp-content\/uploads\/2020\/06\/hranice-\u010ds1-800x533.jpg 800w, https:\/\/www.spravaciest.sk\/wp-content\/uploads\/2020\/06\/hranice-\u010ds1.jpg 1200w\" data-sizes=\"auto\" data-orig-sizes=\"(min-width: 2200px) 100vw, (min-width: 784px) 363px, (min-width: 712px) 545px, (min-width: 640px) 712px, \" \/><\/a><\/div><\/div><\/div><\/div><div class=\"fusion-sep-clear\"><\/div><div class=\"fusion-separator fusion-full-width-sep\" style=\"margin-left: auto;margin-right: auto;width:100%;\"><\/div><div class=\"fusion-sep-clear\"><\/div><div class=\"fusion-clearfix\"><\/div><\/div><\/div><\/div><\/div>\n","protected":false},"excerpt":{"rendered":"","protected":false},"author":1,"featured_media":1346,"comment_status":"open","ping_status":"open","sticky":false,"template":"","format":"standard","meta":{"_monsterinsights_skip_tracking":false,"_monsterinsights_sitenote_active":false,"_monsterinsights_sitenote_note":"","_monsterinsights_sitenote_category":0,"footnotes":""},"categories":[4],"tags":[],"class_list":["post-1338","post","type-post","status-publish","format-standard","has-post-thumbnail","hentry","category-dopravne-obmedzenia"],"_links":{"self":[{"href":"https:\/\/www.spravaciest.sk\/hu\/wp-json\/wp\/v2\/posts\/1338","targetHints":{"allow":["GET"]}}],"collection":[{"href":"https:\/\/www.spravaciest.sk\/hu\/wp-json\/wp\/v2\/posts"}],"about":[{"href":"https:\/\/www.spravaciest.sk\/hu\/wp-json\/wp\/v2\/types\/post"}],"author":[{"embeddable":true,"href":"https:\/\/www.spravaciest.sk\/hu\/wp-json\/wp\/v2\/users\/1"}],"replies":[{"embeddable":true,"href":"https:\/\/www.spravaciest.sk\/hu\/wp-json\/wp\/v2\/comments?post=1338"}],"version-history":[{"count":0,"href":"https:\/\/www.spravaciest.sk\/hu\/wp-json\/wp\/v2\/posts\/1338\/revisions"}],"wp:featuredmedia":[{"embeddable":true,"href":"https:\/\/www.spravaciest.sk\/hu\/wp-json\/wp\/v2\/media\/1346"}],"wp:attachment":[{"href":"https:\/\/www.spravaciest.sk\/hu\/wp-json\/wp\/v2\/media?parent=1338"}],"wp:term":[{"taxonomy":"category","embeddable":true,"href":"https:\/\/www.spravaciest.sk\/hu\/wp-json\/wp\/v2\/categories?post=1338"},{"taxonomy":"post_tag","embeddable":true,"href":"https:\/\/www.spravaciest.sk\/hu\/wp-json\/wp\/v2\/tags?post=1338"}],"curies":[{"name":"wp","href":"https:\/\/api.w.org\/{rel}","templated":true}]}}