{"id":1778,"date":"2020-10-02T20:58:08","date_gmt":"2020-10-02T18:58:08","guid":{"rendered":"https:\/\/www.spravaciest.sk\/?p=1778"},"modified":"2020-10-02T20:58:08","modified_gmt":"2020-10-02T18:58:08","slug":"navsteva-ministra-dopravy-sr-v-trnavskom-kraji","status":"publish","type":"post","link":"https:\/\/www.spravaciest.sk\/hu\/2020\/10\/02\/navsteva-ministra-dopravy-sr-v-trnavskom-kraji\/","title":{"rendered":"N\u00e1v\u0161teva ministra dopravy SR v Trnavskom kraji"},"content":{"rendered":"<div class=\"fusion-fullwidth fullwidth-box fusion-builder-row-1 nonhundred-percent-fullwidth non-hundred-percent-height-scrolling\" style=\"--awb-border-radius-top-left:0px;--awb-border-radius-top-right:0px;--awb-border-radius-bottom-right:0px;--awb-border-radius-bottom-left:0px;--awb-flex-wrap:wrap;\" ><div class=\"fusion-builder-row fusion-row\"><div class=\"fusion-layout-column fusion_builder_column fusion-builder-column-0 fusion_builder_column_1_1 1_1 fusion-one-full fusion-column-first fusion-column-last\" style=\"--awb-bg-size:cover;--awb-margin-bottom:0px;\"><div class=\"fusion-column-wrapper fusion-flex-column-wrapper-legacy\"><div class=\"fusion-text fusion-text-1\"><p style=\"text-align: justify;\">V\u010dera d\u0148a 01.10.2020 bola na n\u00e1v\u0161teve Trnavsk\u00e9ho kraja deleg\u00e1cia Ministerstva dopravy a v\u00fdstavby SR\u00a0veden\u00e1 ministrom Andrejom Dole\u017ealom a tvoren\u00e1 \u0161t\u00e1tnym tajomn\u00edkom Jaroslavom Kme\u0165om a z\u00e1stupcami\u00a0N\u00e1rodnej dia\u013eni\u010dnej spolo\u010dnosti\u00a0a Slovenskej spr\u00e1vy ciest.<\/p>\n<p style=\"text-align: justify;\">Hovorili sme predov\u0161etk\u00fdm o priorit\u00e1ch obnovy a v\u00fdstavby ciest vr\u00e1tane obchvatov Senice \u010di Jablonice. Minister pris\u013e\u00fabil, \u017ee e\u0161te tento rok bude iniciova\u0165 vznik fondu dopravnej infra\u0161trukt\u00fary, z ktor\u00e9ho by mohli by\u0165 financovan\u00e9 ve\u013ek\u00e9 investi\u010dn\u00e9 projekty, pilotne napr\u00edklad obchvat Hlohovca.<\/p>\n<p style=\"text-align: justify;\">\u010casto sa stret\u00e1vame s podnetmi, kedy n\u00e1kladn\u00e9 vozidl\u00e1 medzin\u00e1rodnej tranzitnej dopravy obch\u00e1dzaj\u00fa spoplatnen\u00e9 \u00faseky ciest vy\u0161\u0161\u00edch kateg\u00f3ri\u00ed po na\u0161ich cest\u00e1ch druhej triedy. Dnes u\u017e vieme, \u017ee\u00a0Trnavsk\u00fd samospr\u00e1vny kraj by mohol by\u0165 prv\u00fdm, kde jazdu n\u00e1kladiakov po cest\u00e1ch II. triedy spoplatn\u00edme. Diskutovalo sa toti\u017e o z\u00e1mere spoplatni\u0165 16 \u00fasekov ciest II. triedy pre tranzitn\u00fa n\u00e1kladn\u00fa dopravu. Chceme zabr\u00e1ni\u0165 tomu, aby \u0165a\u017ek\u00e9 kami\u00f3ny \u010falej ni\u010dili na\u0161e cesty a znepr\u00edjem\u0148ovali \u017eivot obyvate\u013eov. Vybran\u00e9 m\u00fdto z\u00e1rove\u0148 pou\u017eijeme na rekon\u0161trukciu ciest.<\/p>\n<p style=\"text-align: justify;\">\u201eM\u00e1me pre nich pripraven\u00e9 sch\u00e9my, ide predov\u0161etk\u00fdm o\u00a0z\u00e1sadn\u00e9 zn\u00ed\u017eenie cestnej dane, ktor\u00e1 bude adresn\u00e1. Regulova\u0165 chceme najm\u00e4 tranzitn\u00fa dopravu, vieme, ako dopravn\u00fa obsluhu \u2013 pek\u00e1rov, mliekarov, zo syst\u00e9mu vyl\u00fa\u010di\u0165,\u201c povedal Dole\u017eal.\u00a0 Zd\u00f4raznil, \u017ee ministerstvo v\u00a0\u017eiadnom pr\u00edpade nepripravuje spoplatnenie ciest druhej triedy ako celku.<\/p>\n<p style=\"text-align: justify;\">\u201eMy potrebujeme zv\u00fd\u0161i\u0165 kvalitu \u017eivota a\u00a0bezpe\u010dnos\u0165 v\u00a0na\u0161ich obciach, odkia\u013e prich\u00e1dza \u010doraz viac protestov proti dosahom prejazdu n\u00e1kladnej tranzitnej dopravy,\u201c kon\u0161tatoval Viskupi\u010d.<\/p>\n<\/div><div class=\"fusion-sep-clear\"><\/div><div class=\"fusion-separator fusion-full-width-sep\" style=\"margin-left: auto;margin-right: auto;margin-top:10px;margin-bottom:10px;width:100%;\"><\/div><div class=\"fusion-sep-clear\"><\/div><div class=\"awb-gallery-wrapper awb-gallery-wrapper-1 button-span-no\"><div style=\"margin:-5px;--awb-bordersize:0px;\" class=\"fusion-gallery fusion-gallery-container fusion-grid-3 fusion-columns-total-6 fusion-gallery-layout-grid fusion-gallery-1\"><div style=\"padding:5px;\" class=\"fusion-grid-column fusion-gallery-column fusion-gallery-column-3 hover-type-none\"><div class=\"fusion-gallery-image\"><a href=\"https:\/\/www.spravaciest.sk\/wp-content\/uploads\/2020\/10\/120610836_2122586424550168_2098929478467575673_o-e1601664603172.jpg\" rel=\"noreferrer\" data-rel=\"iLightbox[gallery_image_1]\" class=\"fusion-lightbox\" target=\"_self\"><img decoding=\"async\" src=\"https:\/\/www.spravaciest.sk\/wp-content\/uploads\/2020\/10\/120610836_2122586424550168_2098929478467575673_o-e1601664603172.jpg\" data-orig-src=\"https:\/\/www.spravaciest.sk\/wp-content\/uploads\/2020\/10\/120610836_2122586424550168_2098929478467575673_o-e1601664603172.jpg\" width=\"1616\" height=\"1078\" alt=\"\" title=\"N\u00e1v\u0161teva ministra dopravy SR v Trnavskom kraji\" aria-label=\"N\u00e1v\u0161teva ministra dopravy SR v Trnavskom kraji\" class=\"lazyload img-responsive wp-image-1785\" srcset=\"data:image\/svg+xml,%3Csvg%20xmlns%3D%27http%3A%2F%2Fwww.w3.org%2F2000%2Fsvg%27%20width%3D%271616%27%20height%3D%271078%27%20viewBox%3D%270%200%201616%201078%27%3E%3Crect%20width%3D%271616%27%20height%3D%271078%27%20fill-opacity%3D%220%22%2F%3E%3C%2Fsvg%3E\" data-srcset=\"https:\/\/www.spravaciest.sk\/wp-content\/uploads\/2020\/10\/120610836_2122586424550168_2098929478467575673_o-e1601664603172-200x133.jpg 200w, https:\/\/www.spravaciest.sk\/wp-content\/uploads\/2020\/10\/120610836_2122586424550168_2098929478467575673_o-e1601664603172-400x267.jpg 400w, https:\/\/www.spravaciest.sk\/wp-content\/uploads\/2020\/10\/120610836_2122586424550168_2098929478467575673_o-e1601664603172-600x400.jpg 600w, https:\/\/www.spravaciest.sk\/wp-content\/uploads\/2020\/10\/120610836_2122586424550168_2098929478467575673_o-e1601664603172-800x534.jpg 800w, https:\/\/www.spravaciest.sk\/wp-content\/uploads\/2020\/10\/120610836_2122586424550168_2098929478467575673_o-e1601664603172-1200x800.jpg 1200w, https:\/\/www.spravaciest.sk\/wp-content\/uploads\/2020\/10\/120610836_2122586424550168_2098929478467575673_o-e1601664603172.jpg 1616w\" data-sizes=\"auto\" data-orig-sizes=\"(min-width: 2200px) 100vw, (min-width: 784px) 363px, (min-width: 712px) 545px, (min-width: 640px) 712px, \" \/><\/a><\/div><\/div><div style=\"padding:5px;\" class=\"fusion-grid-column fusion-gallery-column fusion-gallery-column-3 hover-type-none\"><div class=\"fusion-gallery-image\"><a href=\"https:\/\/www.spravaciest.sk\/wp-content\/uploads\/2020\/10\/120660321_3480812381939067_5730099435306398058_o-e1601664708946.jpg\" rel=\"noreferrer\" data-rel=\"iLightbox[gallery_image_1]\" class=\"fusion-lightbox\" target=\"_self\"><img decoding=\"async\" src=\"https:\/\/www.spravaciest.sk\/wp-content\/uploads\/2020\/10\/120660321_3480812381939067_5730099435306398058_o-e1601664708946.jpg\" data-orig-src=\"https:\/\/www.spravaciest.sk\/wp-content\/uploads\/2020\/10\/120660321_3480812381939067_5730099435306398058_o-e1601664708946.jpg\" width=\"2000\" height=\"1335\" alt=\"\" title=\"N\u00e1v\u0161teva ministra dopravy SR v Trnavskom kraji\" aria-label=\"N\u00e1v\u0161teva ministra dopravy SR v Trnavskom kraji\" class=\"lazyload img-responsive wp-image-1779\" srcset=\"data:image\/svg+xml,%3Csvg%20xmlns%3D%27http%3A%2F%2Fwww.w3.org%2F2000%2Fsvg%27%20width%3D%272000%27%20height%3D%271335%27%20viewBox%3D%270%200%202000%201335%27%3E%3Crect%20width%3D%272000%27%20height%3D%271335%27%20fill-opacity%3D%220%22%2F%3E%3C%2Fsvg%3E\" data-srcset=\"https:\/\/www.spravaciest.sk\/wp-content\/uploads\/2020\/10\/120660321_3480812381939067_5730099435306398058_o-e1601664708946-200x134.jpg 200w, https:\/\/www.spravaciest.sk\/wp-content\/uploads\/2020\/10\/120660321_3480812381939067_5730099435306398058_o-e1601664708946-400x267.jpg 400w, https:\/\/www.spravaciest.sk\/wp-content\/uploads\/2020\/10\/120660321_3480812381939067_5730099435306398058_o-e1601664708946-600x401.jpg 600w, https:\/\/www.spravaciest.sk\/wp-content\/uploads\/2020\/10\/120660321_3480812381939067_5730099435306398058_o-e1601664708946-800x534.jpg 800w, https:\/\/www.spravaciest.sk\/wp-content\/uploads\/2020\/10\/120660321_3480812381939067_5730099435306398058_o-e1601664708946-1200x801.jpg 1200w, https:\/\/www.spravaciest.sk\/wp-content\/uploads\/2020\/10\/120660321_3480812381939067_5730099435306398058_o-e1601664708946.jpg 2000w\" data-sizes=\"auto\" data-orig-sizes=\"(min-width: 2200px) 100vw, (min-width: 784px) 363px, (min-width: 712px) 545px, (min-width: 640px) 712px, \" \/><\/a><\/div><\/div><div style=\"padding:5px;\" class=\"fusion-grid-column fusion-gallery-column fusion-gallery-column-3 hover-type-none\"><div class=\"fusion-gallery-image\"><a href=\"https:\/\/www.spravaciest.sk\/wp-content\/uploads\/2020\/10\/120600987_2122586461216831_5090231018541739189_o-e1601664765516.jpg\" rel=\"noreferrer\" data-rel=\"iLightbox[gallery_image_1]\" class=\"fusion-lightbox\" target=\"_self\"><img decoding=\"async\" src=\"https:\/\/www.spravaciest.sk\/wp-content\/uploads\/2020\/10\/120600987_2122586461216831_5090231018541739189_o-e1601664765516.jpg\" data-orig-src=\"https:\/\/www.spravaciest.sk\/wp-content\/uploads\/2020\/10\/120600987_2122586461216831_5090231018541739189_o-e1601664765516.jpg\" width=\"1078\" height=\"719\" alt=\"\" title=\"N\u00e1v\u0161teva ministra dopravy SR v Trnavskom kraji\" aria-label=\"N\u00e1v\u0161teva ministra dopravy SR v Trnavskom kraji\" class=\"lazyload img-responsive wp-image-1784\" srcset=\"data:image\/svg+xml,%3Csvg%20xmlns%3D%27http%3A%2F%2Fwww.w3.org%2F2000%2Fsvg%27%20width%3D%271078%27%20height%3D%27719%27%20viewBox%3D%270%200%201078%20719%27%3E%3Crect%20width%3D%271078%27%20height%3D%27719%27%20fill-opacity%3D%220%22%2F%3E%3C%2Fsvg%3E\" data-srcset=\"https:\/\/www.spravaciest.sk\/wp-content\/uploads\/2020\/10\/120600987_2122586461216831_5090231018541739189_o-e1601664765516-200x133.jpg 200w, https:\/\/www.spravaciest.sk\/wp-content\/uploads\/2020\/10\/120600987_2122586461216831_5090231018541739189_o-e1601664765516-400x267.jpg 400w, https:\/\/www.spravaciest.sk\/wp-content\/uploads\/2020\/10\/120600987_2122586461216831_5090231018541739189_o-e1601664765516-600x400.jpg 600w, https:\/\/www.spravaciest.sk\/wp-content\/uploads\/2020\/10\/120600987_2122586461216831_5090231018541739189_o-e1601664765516-800x534.jpg 800w, https:\/\/www.spravaciest.sk\/wp-content\/uploads\/2020\/10\/120600987_2122586461216831_5090231018541739189_o-e1601664765516.jpg 1078w\" data-sizes=\"auto\" data-orig-sizes=\"(min-width: 2200px) 100vw, (min-width: 784px) 363px, (min-width: 712px) 545px, (min-width: 640px) 712px, \" \/><\/a><\/div><\/div><div class=\"clearfix\"><\/div><div style=\"padding:5px;\" class=\"fusion-grid-column fusion-gallery-column fusion-gallery-column-3 hover-type-none\"><div class=\"fusion-gallery-image\"><a href=\"https:\/\/www.spravaciest.sk\/wp-content\/uploads\/2020\/10\/120554473_3480812888605683_1622569320948816245_o-e1601664853172.jpg\" rel=\"noreferrer\" data-rel=\"iLightbox[gallery_image_1]\" class=\"fusion-lightbox\" target=\"_self\"><img decoding=\"async\" src=\"https:\/\/www.spravaciest.sk\/wp-content\/uploads\/2020\/10\/120554473_3480812888605683_1622569320948816245_o-e1601664853172.jpg\" data-orig-src=\"https:\/\/www.spravaciest.sk\/wp-content\/uploads\/2020\/10\/120554473_3480812888605683_1622569320948816245_o-e1601664853172.jpg\" width=\"2000\" height=\"1335\" alt=\"\" title=\"N\u00e1v\u0161teva ministra dopravy SR v Trnavskom kraji\" aria-label=\"N\u00e1v\u0161teva ministra dopravy SR v Trnavskom kraji\" class=\"lazyload img-responsive wp-image-1781\" srcset=\"data:image\/svg+xml,%3Csvg%20xmlns%3D%27http%3A%2F%2Fwww.w3.org%2F2000%2Fsvg%27%20width%3D%272000%27%20height%3D%271335%27%20viewBox%3D%270%200%202000%201335%27%3E%3Crect%20width%3D%272000%27%20height%3D%271335%27%20fill-opacity%3D%220%22%2F%3E%3C%2Fsvg%3E\" data-srcset=\"https:\/\/www.spravaciest.sk\/wp-content\/uploads\/2020\/10\/120554473_3480812888605683_1622569320948816245_o-e1601664853172-200x134.jpg 200w, https:\/\/www.spravaciest.sk\/wp-content\/uploads\/2020\/10\/120554473_3480812888605683_1622569320948816245_o-e1601664853172-400x267.jpg 400w, https:\/\/www.spravaciest.sk\/wp-content\/uploads\/2020\/10\/120554473_3480812888605683_1622569320948816245_o-e1601664853172-600x401.jpg 600w, https:\/\/www.spravaciest.sk\/wp-content\/uploads\/2020\/10\/120554473_3480812888605683_1622569320948816245_o-e1601664853172-800x534.jpg 800w, https:\/\/www.spravaciest.sk\/wp-content\/uploads\/2020\/10\/120554473_3480812888605683_1622569320948816245_o-e1601664853172-1200x801.jpg 1200w, https:\/\/www.spravaciest.sk\/wp-content\/uploads\/2020\/10\/120554473_3480812888605683_1622569320948816245_o-e1601664853172.jpg 2000w\" data-sizes=\"auto\" data-orig-sizes=\"(min-width: 2200px) 100vw, (min-width: 784px) 363px, (min-width: 712px) 545px, (min-width: 640px) 712px, \" \/><\/a><\/div><\/div><div style=\"padding:5px;\" class=\"fusion-grid-column fusion-gallery-column fusion-gallery-column-3 hover-type-none\"><div class=\"fusion-gallery-image\"><a href=\"https:\/\/www.spravaciest.sk\/wp-content\/uploads\/2020\/10\/120747718_3480813571938948_8010651143565473883_o-e1601664893376.jpg\" rel=\"noreferrer\" data-rel=\"iLightbox[gallery_image_1]\" class=\"fusion-lightbox\" target=\"_self\"><img decoding=\"async\" src=\"https:\/\/www.spravaciest.sk\/wp-content\/uploads\/2020\/10\/120747718_3480813571938948_8010651143565473883_o-e1601664893376.jpg\" data-orig-src=\"https:\/\/www.spravaciest.sk\/wp-content\/uploads\/2020\/10\/120747718_3480813571938948_8010651143565473883_o-e1601664893376.jpg\" width=\"2000\" height=\"1335\" alt=\"\" title=\"N\u00e1v\u0161teva ministra dopravy SR v Trnavskom kraji\" aria-label=\"N\u00e1v\u0161teva ministra dopravy SR v Trnavskom kraji\" class=\"lazyload img-responsive wp-image-1780\" srcset=\"data:image\/svg+xml,%3Csvg%20xmlns%3D%27http%3A%2F%2Fwww.w3.org%2F2000%2Fsvg%27%20width%3D%272000%27%20height%3D%271335%27%20viewBox%3D%270%200%202000%201335%27%3E%3Crect%20width%3D%272000%27%20height%3D%271335%27%20fill-opacity%3D%220%22%2F%3E%3C%2Fsvg%3E\" data-srcset=\"https:\/\/www.spravaciest.sk\/wp-content\/uploads\/2020\/10\/120747718_3480813571938948_8010651143565473883_o-e1601664893376-200x134.jpg 200w, https:\/\/www.spravaciest.sk\/wp-content\/uploads\/2020\/10\/120747718_3480813571938948_8010651143565473883_o-e1601664893376-400x267.jpg 400w, https:\/\/www.spravaciest.sk\/wp-content\/uploads\/2020\/10\/120747718_3480813571938948_8010651143565473883_o-e1601664893376-600x401.jpg 600w, https:\/\/www.spravaciest.sk\/wp-content\/uploads\/2020\/10\/120747718_3480813571938948_8010651143565473883_o-e1601664893376-800x534.jpg 800w, https:\/\/www.spravaciest.sk\/wp-content\/uploads\/2020\/10\/120747718_3480813571938948_8010651143565473883_o-e1601664893376-1200x801.jpg 1200w, https:\/\/www.spravaciest.sk\/wp-content\/uploads\/2020\/10\/120747718_3480813571938948_8010651143565473883_o-e1601664893376.jpg 2000w\" data-sizes=\"auto\" data-orig-sizes=\"(min-width: 2200px) 100vw, (min-width: 784px) 363px, (min-width: 712px) 545px, (min-width: 640px) 712px, \" \/><\/a><\/div><\/div><div style=\"padding:5px;\" class=\"fusion-grid-column fusion-gallery-column fusion-gallery-column-3 hover-type-none\"><div class=\"fusion-gallery-image\"><a href=\"https:\/\/www.spravaciest.sk\/wp-content\/uploads\/2020\/10\/120483519_2122586534550157_2902910456044254415_o-e1601664935213.jpg\" rel=\"noreferrer\" data-rel=\"iLightbox[gallery_image_1]\" class=\"fusion-lightbox\" target=\"_self\"><img decoding=\"async\" src=\"https:\/\/www.spravaciest.sk\/wp-content\/uploads\/2020\/10\/120483519_2122586534550157_2902910456044254415_o-e1601664935213.jpg\" data-orig-src=\"https:\/\/www.spravaciest.sk\/wp-content\/uploads\/2020\/10\/120483519_2122586534550157_2902910456044254415_o-e1601664935213.jpg\" width=\"1566\" height=\"1045\" alt=\"\" title=\"N\u00e1v\u0161teva ministra dopravy SR v Trnavskom kraji\" aria-label=\"N\u00e1v\u0161teva ministra dopravy SR v Trnavskom kraji\" class=\"lazyload img-responsive wp-image-1783\" srcset=\"data:image\/svg+xml,%3Csvg%20xmlns%3D%27http%3A%2F%2Fwww.w3.org%2F2000%2Fsvg%27%20width%3D%271566%27%20height%3D%271045%27%20viewBox%3D%270%200%201566%201045%27%3E%3Crect%20width%3D%271566%27%20height%3D%271045%27%20fill-opacity%3D%220%22%2F%3E%3C%2Fsvg%3E\" data-srcset=\"https:\/\/www.spravaciest.sk\/wp-content\/uploads\/2020\/10\/120483519_2122586534550157_2902910456044254415_o-e1601664935213-200x133.jpg 200w, https:\/\/www.spravaciest.sk\/wp-content\/uploads\/2020\/10\/120483519_2122586534550157_2902910456044254415_o-e1601664935213-400x267.jpg 400w, https:\/\/www.spravaciest.sk\/wp-content\/uploads\/2020\/10\/120483519_2122586534550157_2902910456044254415_o-e1601664935213-600x400.jpg 600w, https:\/\/www.spravaciest.sk\/wp-content\/uploads\/2020\/10\/120483519_2122586534550157_2902910456044254415_o-e1601664935213-800x534.jpg 800w, https:\/\/www.spravaciest.sk\/wp-content\/uploads\/2020\/10\/120483519_2122586534550157_2902910456044254415_o-e1601664935213-1200x801.jpg 1200w, https:\/\/www.spravaciest.sk\/wp-content\/uploads\/2020\/10\/120483519_2122586534550157_2902910456044254415_o-e1601664935213.jpg 1566w\" data-sizes=\"auto\" data-orig-sizes=\"(min-width: 2200px) 100vw, (min-width: 784px) 363px, (min-width: 712px) 545px, (min-width: 640px) 712px, \" \/><\/a><\/div><\/div><div class=\"clearfix\"><\/div><\/div><\/div><div class=\"fusion-sep-clear\"><\/div><div class=\"fusion-separator fusion-full-width-sep\" style=\"margin-left: auto;margin-right: auto;margin-top:10px;margin-bottom:10px;width:100%;\"><\/div><div class=\"fusion-sep-clear\"><\/div><div class=\"fusion-clearfix\"><\/div><\/div><\/div><\/div><\/div>\n","protected":false},"excerpt":{"rendered":"","protected":false},"author":1,"featured_media":1782,"comment_status":"open","ping_status":"open","sticky":false,"template":"","format":"standard","meta":{"_monsterinsights_skip_tracking":false,"_monsterinsights_sitenote_active":false,"_monsterinsights_sitenote_note":"","_monsterinsights_sitenote_category":0,"footnotes":""},"categories":[3],"tags":[],"class_list":["post-1778","post","type-post","status-publish","format-standard","has-post-thumbnail","hentry","category-aktuality"],"_links":{"self":[{"href":"https:\/\/www.spravaciest.sk\/hu\/wp-json\/wp\/v2\/posts\/1778","targetHints":{"allow":["GET"]}}],"collection":[{"href":"https:\/\/www.spravaciest.sk\/hu\/wp-json\/wp\/v2\/posts"}],"about":[{"href":"https:\/\/www.spravaciest.sk\/hu\/wp-json\/wp\/v2\/types\/post"}],"author":[{"embeddable":true,"href":"https:\/\/www.spravaciest.sk\/hu\/wp-json\/wp\/v2\/users\/1"}],"replies":[{"embeddable":true,"href":"https:\/\/www.spravaciest.sk\/hu\/wp-json\/wp\/v2\/comments?post=1778"}],"version-history":[{"count":0,"href":"https:\/\/www.spravaciest.sk\/hu\/wp-json\/wp\/v2\/posts\/1778\/revisions"}],"wp:featuredmedia":[{"embeddable":true,"href":"https:\/\/www.spravaciest.sk\/hu\/wp-json\/wp\/v2\/media\/1782"}],"wp:attachment":[{"href":"https:\/\/www.spravaciest.sk\/hu\/wp-json\/wp\/v2\/media?parent=1778"}],"wp:term":[{"taxonomy":"category","embeddable":true,"href":"https:\/\/www.spravaciest.sk\/hu\/wp-json\/wp\/v2\/categories?post=1778"},{"taxonomy":"post_tag","embeddable":true,"href":"https:\/\/www.spravaciest.sk\/hu\/wp-json\/wp\/v2\/tags?post=1778"}],"curies":[{"name":"wp","href":"https:\/\/api.w.org\/{rel}","templated":true}]}}