{"id":2284,"date":"2021-02-06T22:17:43","date_gmt":"2021-02-06T21:17:43","guid":{"rendered":"https:\/\/www.spravaciest.sk\/?p=2284"},"modified":"2021-02-06T22:17:43","modified_gmt":"2021-02-06T21:17:43","slug":"cesta-na-hlavom-tahu-v-senici-je-uspesne-opravena","status":"publish","type":"post","link":"https:\/\/www.spravaciest.sk\/hu\/2021\/02\/06\/cesta-na-hlavom-tahu-v-senici-je-uspesne-opravena\/","title":{"rendered":"Cesta na hlavom \u0165ahu v Senici je \u00faspe\u0161ne opraven\u00e1"},"content":{"rendered":"<h4><strong>S\u00daC TTSK \u00faspe\u0161ne opravila jamy a v\u00fdmoly na ceste III\/1149 v Senici. V\u00fdrazne k tomu prispeli aj na\u0161i ob\u010dania, ktor\u00ed na t\u00fato z\u00e1vadu v\u010das upozornili.\u00a0<\/strong><\/h4>\n<p><!--more--><\/p>\n<p>Za\u010diatkom t\u00fd\u017ed\u0148a n\u00e1m za\u010dalo chodi\u0165 ve\u013ea podnetov na cestu v Senici, ktor\u00e1 nutne potrebovala zaceli\u0165 diery a v\u00fdmoly na viacer\u00fdch jej \u010dastiach. Jednalo sa o cestu tretej triedy III\/1149, ktor\u00e1 sa nach\u00e1dzala v nevyhovuj\u00facom stave pre bezpe\u010dn\u00fa a plynul\u00fa prem\u00e1vku na nej. Po ozn\u00e1meniach od viacer\u00fdch z v\u00e1s za\u010dala Spr\u00e1va a \u00fadr\u017eba ciest Trnavsk\u00e9ho samospr\u00e1vneho kraja kona\u0165.<\/p>\n<p>Bolo aj v na\u0161om z\u00e1ujme cestu \u010do najr\u00fdchlej\u0161ie opravi\u0165, aby nevznikli situ\u00e1cie, kedy by pri\u0161lo k po\u0161kodeniu auta alebo nedajbo\u017ee k ubl\u00ed\u017eeniu na \u013eudskom zdrav\u00ed. Na\u0161i zamestnanci z oblasti Senica sa teda ur\u00fdchlene pustili do pr\u00e1ce, aby probl\u00e9m odstr\u00e1nili v najkrat\u0161ej mo\u017enej dobe. To sa im aj podarilo a v piatok 5. febru\u00e1ra bola cesta \u00faspe\u0161ne opraven\u00e1 a v\u00fdmoly na nej zaliat\u00e9 asfaltom.<\/p>\n<div id=\"attachment_2286\" style=\"width: 610px\" class=\"wp-caption alignnone\"><img decoding=\"async\" aria-describedby=\"caption-attachment-2286\" class=\"lazyload wp-image-2286 size-fusion-600\" src=\"https:\/\/www.spravaciest.sk\/wp-content\/uploads\/2021\/02\/image007-e1612645867104-600x400.png\" data-orig-src=\"https:\/\/www.spravaciest.sk\/wp-content\/uploads\/2021\/02\/image007-e1612645867104-600x400.png\" alt=\"\" width=\"600\" height=\"400\" srcset=\"data:image\/svg+xml,%3Csvg%20xmlns%3D%27http%3A%2F%2Fwww.w3.org%2F2000%2Fsvg%27%20width%3D%27600%27%20height%3D%27400%27%20viewBox%3D%270%200%20600%20400%27%3E%3Crect%20width%3D%27600%27%20height%3D%27400%27%20fill-opacity%3D%220%22%2F%3E%3C%2Fsvg%3E\" data-srcset=\"https:\/\/www.spravaciest.sk\/wp-content\/uploads\/2021\/02\/image007-e1612645867104-200x133.png 200w, https:\/\/www.spravaciest.sk\/wp-content\/uploads\/2021\/02\/image007-e1612645867104-300x200.png 300w, https:\/\/www.spravaciest.sk\/wp-content\/uploads\/2021\/02\/image007-e1612645867104-400x266.png 400w, https:\/\/www.spravaciest.sk\/wp-content\/uploads\/2021\/02\/image007-e1612645867104-600x400.png 600w, https:\/\/www.spravaciest.sk\/wp-content\/uploads\/2021\/02\/image007-e1612645867104.png 653w\" data-sizes=\"auto\" data-orig-sizes=\"(max-width: 600px) 100vw, 600px\" \/><p id=\"caption-attachment-2286\" class=\"wp-caption-text\">Zamestnanci S\u00daC TTSK pri oprave v\u00fdmolov na ceste v Senici. Zdroj: arch\u00edv S\u00daC TTSK<\/p><\/div>\n<p>Chceme v\u0161etk\u00fdm ob\u010danom a obyvate\u013eom po\u010fakova\u0165 za nahlasovanie tak\u00fdchto podnetov a trpezlivos\u0165 pri ich n\u00e1prave. Av\u0161ak chceme poveda\u0165, \u017ee nie je v\u0161etko chyba iba cest\u00e1rov. Doty\u010dn\u00e1 cesta je ako sme u\u017e spom\u00ednali cestou tretej triedy a maj\u00fa na nej z\u00e1kaz jazdi\u0165 vozidl\u00e1 nad 3,5 tony. Tento z\u00e1kaz sa v\u0161ak o\u010dividne poru\u0161uje. Touto komunik\u00e1ciou pravidelne prech\u00e1dzaj\u00fa ve\u013ek\u00e9 n\u00e1kladn\u00e9 vozidl\u00e1 z okolit\u00fdch firiem a tak v\u00fdrazne po\u0161kodzuj\u00fa kvalitu vozovky. Spolu so zimn\u00fdm po\u010das\u00edm je to na tak\u00fato cestu obrovsk\u00fd n\u00e1por, ktor\u00fd nem\u00f4\u017ee vydr\u017ea\u0165.<\/p>\n<p>S\u00daC TTSK je s\u00edce zodpovedn\u00e1 za kvalitu a \u00fadr\u017ebu cesty ale nem\u00f4\u017ee ovplyvni\u0165 v\u0161etky faktory, ktor\u00e9 na \u0148u vpl\u00fdvaj\u00fa. Nezodpovedn\u00ed vodi\u010di a firmy by si mali nabud\u00face dobre rozmyslie\u0165, \u010di bud\u00fa poru\u0161ova\u0165 tak\u00e9to z\u00e1kazy. Je to v\u0161ak iba na ich svedom\u00ed.<\/p>\n<p>&nbsp;<\/p>","protected":false},"excerpt":{"rendered":"<p>S\u00daC TTSK \u00faspe\u0161ne opravila jamy a v\u00fdmoly na ceste III\/1149 v Senici. V\u00fdrazne k tomu prispeli aj na\u0161i ob\u010dania, ktor\u00ed na t\u00fato z\u00e1vadu v\u010das upozornili.\u00a0<\/p>","protected":false},"author":1,"featured_media":2288,"comment_status":"open","ping_status":"open","sticky":false,"template":"","format":"standard","meta":{"_monsterinsights_skip_tracking":false,"_monsterinsights_sitenote_active":false,"_monsterinsights_sitenote_note":"","_monsterinsights_sitenote_category":0,"footnotes":""},"categories":[3,4],"tags":[],"class_list":["post-2284","post","type-post","status-publish","format-standard","has-post-thumbnail","hentry","category-aktuality","category-dopravne-obmedzenia"],"_links":{"self":[{"href":"https:\/\/www.spravaciest.sk\/hu\/wp-json\/wp\/v2\/posts\/2284","targetHints":{"allow":["GET"]}}],"collection":[{"href":"https:\/\/www.spravaciest.sk\/hu\/wp-json\/wp\/v2\/posts"}],"about":[{"href":"https:\/\/www.spravaciest.sk\/hu\/wp-json\/wp\/v2\/types\/post"}],"author":[{"embeddable":true,"href":"https:\/\/www.spravaciest.sk\/hu\/wp-json\/wp\/v2\/users\/1"}],"replies":[{"embeddable":true,"href":"https:\/\/www.spravaciest.sk\/hu\/wp-json\/wp\/v2\/comments?post=2284"}],"version-history":[{"count":0,"href":"https:\/\/www.spravaciest.sk\/hu\/wp-json\/wp\/v2\/posts\/2284\/revisions"}],"wp:featuredmedia":[{"embeddable":true,"href":"https:\/\/www.spravaciest.sk\/hu\/wp-json\/wp\/v2\/media\/2288"}],"wp:attachment":[{"href":"https:\/\/www.spravaciest.sk\/hu\/wp-json\/wp\/v2\/media?parent=2284"}],"wp:term":[{"taxonomy":"category","embeddable":true,"href":"https:\/\/www.spravaciest.sk\/hu\/wp-json\/wp\/v2\/categories?post=2284"},{"taxonomy":"post_tag","embeddable":true,"href":"https:\/\/www.spravaciest.sk\/hu\/wp-json\/wp\/v2\/tags?post=2284"}],"curies":[{"name":"wp","href":"https:\/\/api.w.org\/{rel}","templated":true}]}}