{"id":2454,"date":"2021-06-21T12:18:01","date_gmt":"2021-06-21T10:18:01","guid":{"rendered":"https:\/\/www.spravaciest.sk\/?p=2454"},"modified":"2021-06-21T14:55:08","modified_gmt":"2021-06-21T12:55:08","slug":"uzavierka-cesty-i-51-ktora-vedie-cez-senicu-z-dovodu-stavebnych-prac","status":"publish","type":"post","link":"https:\/\/www.spravaciest.sk\/hu\/2021\/06\/21\/uzavierka-cesty-i-51-ktora-vedie-cez-senicu-z-dovodu-stavebnych-prac\/","title":{"rendered":"Uz\u00e1vierka cesty I\/51, ktor\u00e1 vedie cez Senicu z d\u00f4vodu stavebn\u00fdch pr\u00e1c"},"content":{"rendered":"<p><strong>Dopravn\u00e9 obmedzenia \u010dakaj\u00fa vodi\u010dov v najbli\u017e\u0161om obdob\u00ed na hlavnom \u0165ahu v Senici. K dispoz\u00edcii s\u00fa obch\u00e1dzkov\u00e9 trasy.<\/strong><\/p>\n<p><!--more-->\u010eal\u0161ia pl\u00e1novan\u00e1 rekon\u0161trukcia prebieha v meste Senica, kde bude kv\u00f4li tomu uzavret\u00e1 cesta I\/51. U\u017e od stredy v\u00e1s \u010dakaj\u00fa \u010diasto\u010dn\u00e9 obmedzenia a po\u010das dvoch dn\u00ed v j\u00fali bude cesta \u00faplne neprejazdn\u00e1. Pre vodi\u010dov a rovnako aj pre autobusy s\u00fa ur\u010den\u00e9 presn\u00e9 obch\u00e1dzkov\u00e9 trasy, ktor\u00fdmi sa treba riadi\u0165. Stavba by mala by\u0165 dokon\u010den\u00e1 po\u010das prvej polovice augusta.<\/p>\n<p>\u010eakujeme za va\u0161u trpezlivos\u0165 a oh\u013eaduplnos\u0165!<\/p>\n<p><span style=\"text-decoration: underline;\">Z\u00e1kladn\u00e9 inform\u00e1cie o rekon\u0161trukcii:<\/span><\/p>\n<p><strong>Miesto uz\u00e1vierky:<\/strong>\u00a0cesta I\/51 v meste Senica<\/p>\n<p><b>D\u00f4vod uz\u00e1vierky:\u00a0<\/b><\/p>\n<ul>\n<li>uz\u00e1vierka cesty I\/51 v meste Senica z d\u00f4vodu zn\u00ed\u017eenia intenzity dopravy v mieste stavby<\/li>\n<li>nariadenie odklonu tranzitnej n\u00e1kladnej dopravy \u2013 n\u00e1kladn\u00fdch vozidiel a ich s\u00faprav d\u013a\u017eky nad 10 m a odklon smer Trnava, Myjava v smere od K\u00fatov a odklon smer Hol\u00ed\u010d<\/li>\n<\/ul>\n<p><b>Druh uz\u00e1vierky: <\/b><\/p>\n<ul>\n<li>\u010diasto\u010dn\u00e1 &#8211; v pracovn\u00fdch \u00fasekoch po jednotliv\u00fdch etap\u00e1ch na ceste I\/51, cestn\u00e1 prem\u00e1vka bude usmernen\u00e1 do\u010dasn\u00fdm dopravn\u00fdm zna\u010den\u00edm, pr\u00edp. cestnou svetelnou signaliz\u00e1ciou a opr\u00e1vnen\u00fdmi osobami \u2013 regulov\u010d\u00edkmi<\/li>\n<li>\u00fapln\u00e1 &#8211; v mieste okru\u017enej kri\u017eovatky cesty I\/51, II\/500 a MK Obchodn\u00e1 ulica<\/li>\n<\/ul>\n<p><b>D\u013a\u017eka uz\u00e1vierky:\u00a0<\/b><\/p>\n<ul>\n<li>\u010diasto\u010dn\u00e1 \u2013 celkov\u00e1 d\u013a\u017eka uz\u00e1vierky 2430 metrov etapovite, v pracovn\u00fdch \u00fasekoch d\u013a\u017eky cca 200 metrov<\/li>\n<li>\u00fapln\u00e1 &#8211; d\u013a\u017eka cca 120 metrov<\/li>\n<\/ul>\n<p><b>Term\u00edn uz\u00e1vierky:<\/b><\/p>\n<ul>\n<li>\u010diasto\u010dn\u00e1 od 23.06.2021 do 08.08.2021 v \u010dase od 6.00 do 22.00 hod. vr\u00e1tane dn\u00ed pracovn\u00e9ho vo\u013ena a pracovn\u00e9ho pokoja<\/li>\n<li>\u00fapln\u00e1 od 09.07.2021 do 11.07.2021 v \u010dase od 6.00 do 22.00 hod.<\/li>\n<\/ul>\n<p><b>Popis obch\u00e1dzky:\u00a0<\/b><\/p>\n<ul>\n<li>\u010diasto\u010dn\u00e1 uz\u00e1vierka: nie je ur\u010den\u00e1, prem\u00e1vka bude usmernen\u00e1 do\u010dasn\u00fdm dopravn\u00fdm zna\u010den\u00edm, pr\u00edpadne cestnou svetelnou signaliz\u00e1ciou a opr\u00e1vnen\u00fdmi osobami \u2013 pracovn\u00edkmi stavby na zastavovanie vozidiel v jednom vo\u013enom jazdnom pruhu striedavo pre oba smery jazdy<\/li>\n<li>\u00fapln\u00e1 uz\u00e1vierka: z cesty I\/51 v smere od Hol\u00ed\u010da na kri\u017eovatke s cestou \u010d. II\/581 odbo\u010denie smer Soboti\u0161te, \u010falej na cestu II\/500 Soboti\u0161te &#8211; Senica \u010das\u0165 Kunov po ceste \u010d. III\/1150, po ceste III\/1149 Senica \u0160tef\u00e1nikova ulica na N\u00e1mestie oslobodenia; opa\u010dn\u00fd smer do Hol\u00ed\u010da je veden\u00fd po tej istej obch\u00e1dzke<\/li>\n<\/ul>\n<p>Po\u010das \u00faplnej uz\u00e1vierky v d\u0148och 9.7. \u2013 11.7.2021 bude obch\u00e1dzka pre autobusy veden\u00e1:<\/p>\n<ul>\n<li>z cesty I\/51 v smere od Hol\u00ed\u010da na kri\u017eovatke s cestou III\/1158 smer Rovensko, \u010falej na cestu II\/500 Sotinsk\u00e1 ulica, po miestnych cest\u00e1ch Mudrochova, Sadov\u00e1 sp\u00e4\u0165 na cestu I\/51; obdobne je obch\u00e1dzka veden\u00e1 v opa\u010dnom smere<\/li>\n<\/ul>\n<p>Po\u010das \u00faplnej uz\u00e1vierky nebude v meste Senica obsl\u00fa\u017een\u00e1 zast\u00e1vka MHD Tesco v obidvoch smeroch.<\/p>","protected":false},"excerpt":{"rendered":"<p>Dopravn\u00e9 obmedzenia \u010dakaj\u00fa vodi\u010dov v najbli\u017e\u0161om obdob\u00ed na hlavnom \u0165ahu v Senici. K dispoz\u00edcii s\u00fa obch\u00e1dzkov\u00e9 trasy.<\/p>","protected":false},"author":1,"featured_media":2455,"comment_status":"open","ping_status":"open","sticky":false,"template":"","format":"standard","meta":{"_monsterinsights_skip_tracking":false,"_monsterinsights_sitenote_active":false,"_monsterinsights_sitenote_note":"","_monsterinsights_sitenote_category":0,"footnotes":""},"categories":[4],"tags":[],"class_list":["post-2454","post","type-post","status-publish","format-standard","has-post-thumbnail","hentry","category-dopravne-obmedzenia"],"_links":{"self":[{"href":"https:\/\/www.spravaciest.sk\/hu\/wp-json\/wp\/v2\/posts\/2454","targetHints":{"allow":["GET"]}}],"collection":[{"href":"https:\/\/www.spravaciest.sk\/hu\/wp-json\/wp\/v2\/posts"}],"about":[{"href":"https:\/\/www.spravaciest.sk\/hu\/wp-json\/wp\/v2\/types\/post"}],"author":[{"embeddable":true,"href":"https:\/\/www.spravaciest.sk\/hu\/wp-json\/wp\/v2\/users\/1"}],"replies":[{"embeddable":true,"href":"https:\/\/www.spravaciest.sk\/hu\/wp-json\/wp\/v2\/comments?post=2454"}],"version-history":[{"count":0,"href":"https:\/\/www.spravaciest.sk\/hu\/wp-json\/wp\/v2\/posts\/2454\/revisions"}],"wp:featuredmedia":[{"embeddable":true,"href":"https:\/\/www.spravaciest.sk\/hu\/wp-json\/wp\/v2\/media\/2455"}],"wp:attachment":[{"href":"https:\/\/www.spravaciest.sk\/hu\/wp-json\/wp\/v2\/media?parent=2454"}],"wp:term":[{"taxonomy":"category","embeddable":true,"href":"https:\/\/www.spravaciest.sk\/hu\/wp-json\/wp\/v2\/categories?post=2454"},{"taxonomy":"post_tag","embeddable":true,"href":"https:\/\/www.spravaciest.sk\/hu\/wp-json\/wp\/v2\/tags?post=2454"}],"curies":[{"name":"wp","href":"https:\/\/api.w.org\/{rel}","templated":true}]}}