{"id":2513,"date":"2021-09-10T13:42:43","date_gmt":"2021-09-10T11:42:43","guid":{"rendered":"https:\/\/www.spravaciest.sk\/?p=2513"},"modified":"2021-09-10T13:42:43","modified_gmt":"2021-09-10T11:42:43","slug":"rekonstrukcia-cesty-v-obci-jaslovske-bohunice","status":"publish","type":"post","link":"https:\/\/www.spravaciest.sk\/hu\/2021\/09\/10\/rekonstrukcia-cesty-v-obci-jaslovske-bohunice\/","title":{"rendered":"Rekon\u0161trukcia cesty v\u00a0obci Jaslovsk\u00e9 Bohunice"},"content":{"rendered":"<p>9. septembra, sa v obci Jaslovsk\u00e9 Bohunice za\u010dali pr\u00e1ce na rekon\u0161trukcii cesty III\/1301, ktor\u00e9 by mali trva\u0165 10 dn\u00ed.<\/p>\n<p>Okrem vyfr\u00e9zovania vozovky sa bude realizova\u0165 tie\u017e vyb\u00faranie starej pr\u00eddla\u017eby.<\/p>\n<p>Cesta je v opravovanom \u00faseku prejazdn\u00e1 v jednom jazdnom pruhu a je riaden\u00e1 svetelnou signaliz\u00e1ciou.<\/p>\n<p>\u010eakujeme v\u00e1m za trpezlivos\u0165 a oh\u013eaduplnos\u0165 vo\u010di na\u0161im mu\u017eom v oran\u017eovom, ktor\u00ed intenz\u00edvne pracuj\u00fa na oprave tohto \u00faseku a jeho plnom sprejazdnen\u00ed.<\/p>\n<p><img decoding=\"async\" class=\"lazyload alignnone wp-image-2519 size-large\" src=\"https:\/\/www.spravaciest.sk\/wp-content\/uploads\/2021\/09\/IMG_20210908_121550-1024x768.jpg\" data-orig-src=\"https:\/\/www.spravaciest.sk\/wp-content\/uploads\/2021\/09\/IMG_20210908_121550-1024x768.jpg\" alt=\"\" width=\"1024\" height=\"768\" srcset=\"data:image\/svg+xml,%3Csvg%20xmlns%3D%27http%3A%2F%2Fwww.w3.org%2F2000%2Fsvg%27%20width%3D%271024%27%20height%3D%27768%27%20viewBox%3D%270%200%201024%20768%27%3E%3Crect%20width%3D%271024%27%20height%3D%27768%27%20fill-opacity%3D%220%22%2F%3E%3C%2Fsvg%3E\" data-srcset=\"https:\/\/www.spravaciest.sk\/wp-content\/uploads\/2021\/09\/IMG_20210908_121550-200x150.jpg 200w, https:\/\/www.spravaciest.sk\/wp-content\/uploads\/2021\/09\/IMG_20210908_121550-300x225.jpg 300w, https:\/\/www.spravaciest.sk\/wp-content\/uploads\/2021\/09\/IMG_20210908_121550-400x300.jpg 400w, https:\/\/www.spravaciest.sk\/wp-content\/uploads\/2021\/09\/IMG_20210908_121550-600x450.jpg 600w, https:\/\/www.spravaciest.sk\/wp-content\/uploads\/2021\/09\/IMG_20210908_121550-768x576.jpg 768w, https:\/\/www.spravaciest.sk\/wp-content\/uploads\/2021\/09\/IMG_20210908_121550-800x600.jpg 800w, https:\/\/www.spravaciest.sk\/wp-content\/uploads\/2021\/09\/IMG_20210908_121550-1024x768.jpg 1024w, https:\/\/www.spravaciest.sk\/wp-content\/uploads\/2021\/09\/IMG_20210908_121550-1200x900.jpg 1200w, https:\/\/www.spravaciest.sk\/wp-content\/uploads\/2021\/09\/IMG_20210908_121550-1536x1152.jpg 1536w\" data-sizes=\"auto\" data-orig-sizes=\"(max-width: 1024px) 100vw, 1024px\" \/><\/p>","protected":false},"excerpt":{"rendered":"<p>9. septembra, sa v obci Jaslovsk\u00e9 Bohunice za\u010dali pr\u00e1ce na rekon\u0161trukcii cesty III\/1301, ktor\u00e9 by mali trva\u0165 10 dn\u00ed. Okrem vyfr\u00e9zovania vozovky sa bude realizova\u0165 tie\u017e vyb\u00faranie starej pr\u00eddla\u017eby. Cesta je v opravovanom \u00faseku prejazdn\u00e1 v jednom jazdnom pruhu a je riaden\u00e1 svetelnou signaliz\u00e1ciou. \u010eakujeme v\u00e1m za trpezlivos\u0165 a oh\u013eaduplnos\u0165 vo\u010di na\u0161im mu\u017eom v oran\u017eovom, ktor\u00ed intenz\u00edvne pracuj\u00fa na oprave tohto \u00faseku a jeho plnom sprejazdnen\u00ed.<\/p>","protected":false},"author":4,"featured_media":2518,"comment_status":"open","ping_status":"open","sticky":false,"template":"","format":"standard","meta":{"_monsterinsights_skip_tracking":false,"_monsterinsights_sitenote_active":false,"_monsterinsights_sitenote_note":"","_monsterinsights_sitenote_category":0,"footnotes":""},"categories":[4],"tags":[],"class_list":["post-2513","post","type-post","status-publish","format-standard","has-post-thumbnail","hentry","category-dopravne-obmedzenia"],"_links":{"self":[{"href":"https:\/\/www.spravaciest.sk\/hu\/wp-json\/wp\/v2\/posts\/2513","targetHints":{"allow":["GET"]}}],"collection":[{"href":"https:\/\/www.spravaciest.sk\/hu\/wp-json\/wp\/v2\/posts"}],"about":[{"href":"https:\/\/www.spravaciest.sk\/hu\/wp-json\/wp\/v2\/types\/post"}],"author":[{"embeddable":true,"href":"https:\/\/www.spravaciest.sk\/hu\/wp-json\/wp\/v2\/users\/4"}],"replies":[{"embeddable":true,"href":"https:\/\/www.spravaciest.sk\/hu\/wp-json\/wp\/v2\/comments?post=2513"}],"version-history":[{"count":0,"href":"https:\/\/www.spravaciest.sk\/hu\/wp-json\/wp\/v2\/posts\/2513\/revisions"}],"wp:featuredmedia":[{"embeddable":true,"href":"https:\/\/www.spravaciest.sk\/hu\/wp-json\/wp\/v2\/media\/2518"}],"wp:attachment":[{"href":"https:\/\/www.spravaciest.sk\/hu\/wp-json\/wp\/v2\/media?parent=2513"}],"wp:term":[{"taxonomy":"category","embeddable":true,"href":"https:\/\/www.spravaciest.sk\/hu\/wp-json\/wp\/v2\/categories?post=2513"},{"taxonomy":"post_tag","embeddable":true,"href":"https:\/\/www.spravaciest.sk\/hu\/wp-json\/wp\/v2\/tags?post=2513"}],"curies":[{"name":"wp","href":"https:\/\/api.w.org\/{rel}","templated":true}]}}