{"id":2531,"date":"2021-09-28T16:42:33","date_gmt":"2021-09-28T14:42:33","guid":{"rendered":"https:\/\/www.spravaciest.sk\/?p=2531"},"modified":"2021-09-28T16:42:59","modified_gmt":"2021-09-28T14:42:59","slug":"zimna-udrzba-v-cislach","status":"publish","type":"post","link":"https:\/\/www.spravaciest.sk\/hu\/2021\/09\/28\/zimna-udrzba-v-cislach\/","title":{"rendered":"Zimn\u00e1 \u00fadr\u017eba v \u010d\u00edslach"},"content":{"rendered":"<p>Rok \u010do rok sa zimn\u00e9 obdobie men\u00ed, no v S\u00daC TTSK sa z roka na rok sna\u017e\u00edme zlep\u0161i\u0165 bez oh\u013eadu na to, \u010do zima prinesie. \u010coskoro n\u00e1s \u010dak\u00e1 nov\u00e9 zimn\u00e9 obdobie, na ktor\u00e9 sa v s\u00fa\u010dasnosti pripravujeme. Pre predstavu, \u010do zimn\u00e1 \u00fadr\u017eba ciest obn\u00e1\u0161a, v\u00e1m prin\u00e1\u0161ame kr\u00e1tke \u0161tatistick\u00e9 zhodnotenie a porovnanie sez\u00f3n 2019\/2020 a 2020\/2021.<\/p>\n<p><img decoding=\"async\" class=\"lazyload alignnone wp-image-2536\" src=\"https:\/\/www.spravaciest.sk\/wp-content\/uploads\/2021\/09\/1-300x184.png\" data-orig-src=\"https:\/\/www.spravaciest.sk\/wp-content\/uploads\/2021\/09\/1-300x184.png\" alt=\"\" width=\"395\" height=\"242\" srcset=\"data:image\/svg+xml,%3Csvg%20xmlns%3D%27http%3A%2F%2Fwww.w3.org%2F2000%2Fsvg%27%20width%3D%27395%27%20height%3D%27242%27%20viewBox%3D%270%200%20395%20242%27%3E%3Crect%20width%3D%27395%27%20height%3D%27242%27%20fill-opacity%3D%220%22%2F%3E%3C%2Fsvg%3E\" data-srcset=\"https:\/\/www.spravaciest.sk\/wp-content\/uploads\/2021\/09\/1-200x123.png 200w, https:\/\/www.spravaciest.sk\/wp-content\/uploads\/2021\/09\/1-300x184.png 300w, https:\/\/www.spravaciest.sk\/wp-content\/uploads\/2021\/09\/1-400x246.png 400w, https:\/\/www.spravaciest.sk\/wp-content\/uploads\/2021\/09\/1-600x369.png 600w, https:\/\/www.spravaciest.sk\/wp-content\/uploads\/2021\/09\/1-768x472.png 768w, https:\/\/www.spravaciest.sk\/wp-content\/uploads\/2021\/09\/1-800x491.png 800w, https:\/\/www.spravaciest.sk\/wp-content\/uploads\/2021\/09\/1.png 1011w\" data-sizes=\"auto\" data-orig-sizes=\"(max-width: 395px) 100vw, 395px\" \/><\/p>\n<p>V porovnan\u00ed so sez\u00f3nou 2019\/2020 prispela nov\u00e1 technika k zefekt\u00edvneniu vyu\u017e\u00edvania posypov\u00e9ho materi\u00e1lu pou\u017e\u00edvan\u00e9ho na zimn\u00fa \u00fadr\u017ebu. Lep\u0161ia organiz\u00e1cia pr\u00e1ce s prehodnoten\u00edm jednotliv\u00fdch okruhov v\u00fdkonu umo\u017enila v porovnan\u00edm s minul\u00fdm obdob\u00edm zv\u00fd\u0161i\u0165:<br \/>\n\u2022 obhliadky o 133%,<br \/>\n\u2022 posyp o 206%,<br \/>\n\u2022 pluhovanie o 1 060%.<\/p>\n<p><img decoding=\"async\" class=\"lazyload alignnone wp-image-2537\" src=\"https:\/\/www.spravaciest.sk\/wp-content\/uploads\/2021\/09\/2-300x113.png\" data-orig-src=\"https:\/\/www.spravaciest.sk\/wp-content\/uploads\/2021\/09\/2-300x113.png\" alt=\"\" width=\"401\" height=\"151\" srcset=\"data:image\/svg+xml,%3Csvg%20xmlns%3D%27http%3A%2F%2Fwww.w3.org%2F2000%2Fsvg%27%20width%3D%27401%27%20height%3D%27151%27%20viewBox%3D%270%200%20401%20151%27%3E%3Crect%20width%3D%27401%27%20height%3D%27151%27%20fill-opacity%3D%220%22%2F%3E%3C%2Fsvg%3E\" data-srcset=\"https:\/\/www.spravaciest.sk\/wp-content\/uploads\/2021\/09\/2-200x75.png 200w, https:\/\/www.spravaciest.sk\/wp-content\/uploads\/2021\/09\/2-300x113.png 300w, https:\/\/www.spravaciest.sk\/wp-content\/uploads\/2021\/09\/2-400x150.png 400w, https:\/\/www.spravaciest.sk\/wp-content\/uploads\/2021\/09\/2-600x225.png 600w, https:\/\/www.spravaciest.sk\/wp-content\/uploads\/2021\/09\/2-768x288.png 768w, https:\/\/www.spravaciest.sk\/wp-content\/uploads\/2021\/09\/2-800x300.png 800w, https:\/\/www.spravaciest.sk\/wp-content\/uploads\/2021\/09\/2.png 1012w\" data-sizes=\"auto\" data-orig-sizes=\"(max-width: 401px) 100vw, 401px\" \/><\/p>\n<p>Prijat\u00e9 opatrenia priniesli:<br \/>\n\u2022 efekt\u00edvnej\u0161ie vyu\u017eitie \u013eudsk\u00fdch zdrojov,<br \/>\n\u2022 racion\u00e1lnej\u0161ie vyu\u017e\u00edvanie materi\u00e1lov\u00fdch zdrojov,<br \/>\n\u2022 pru\u017enej\u0161ie reagovanie na v\u00fdkyvy po\u010dasia,<br \/>\n\u2022 obnoven\u00fd vozov\u00fd park,<br \/>\n\u2022 hospod\u00e1rnej\u0161ie vyu\u017eitie finan\u010dn\u00fdch zdrojov \u2013 napriek vy\u0161\u0161\u00edm v\u00fdkonom najni\u017e\u0161ie n\u00e1klady na Z\u00da za posledn\u00fdch 5 rokov.<\/p>\n<p><img decoding=\"async\" class=\"lazyload alignnone wp-image-2538\" src=\"https:\/\/www.spravaciest.sk\/wp-content\/uploads\/2021\/09\/3-300x77.png\" data-orig-src=\"https:\/\/www.spravaciest.sk\/wp-content\/uploads\/2021\/09\/3-300x77.png\" alt=\"\" width=\"561\" height=\"144\" srcset=\"data:image\/svg+xml,%3Csvg%20xmlns%3D%27http%3A%2F%2Fwww.w3.org%2F2000%2Fsvg%27%20width%3D%27561%27%20height%3D%27144%27%20viewBox%3D%270%200%20561%20144%27%3E%3Crect%20width%3D%27561%27%20height%3D%27144%27%20fill-opacity%3D%220%22%2F%3E%3C%2Fsvg%3E\" data-srcset=\"https:\/\/www.spravaciest.sk\/wp-content\/uploads\/2021\/09\/3-200x52.png 200w, https:\/\/www.spravaciest.sk\/wp-content\/uploads\/2021\/09\/3-300x77.png 300w, https:\/\/www.spravaciest.sk\/wp-content\/uploads\/2021\/09\/3-400x103.png 400w, https:\/\/www.spravaciest.sk\/wp-content\/uploads\/2021\/09\/3-600x155.png 600w, https:\/\/www.spravaciest.sk\/wp-content\/uploads\/2021\/09\/3-768x198.png 768w, https:\/\/www.spravaciest.sk\/wp-content\/uploads\/2021\/09\/3-800x206.png 800w, https:\/\/www.spravaciest.sk\/wp-content\/uploads\/2021\/09\/3-1024x264.png 1024w, https:\/\/www.spravaciest.sk\/wp-content\/uploads\/2021\/09\/3.png 1027w\" data-sizes=\"auto\" data-orig-sizes=\"(max-width: 561px) 100vw, 561px\" \/><\/p>\n<p>Ver\u00edme, \u017ee aj v\u010faka novej technike zvl\u00e1dneme nadch\u00e1dzaj\u00face zimn\u00e9 obdobie efekt\u00edvne a to aj napriek tomu \u017ee nevieme, \u010do n\u00e1s \u010dak\u00e1, a preto sa intenz\u00edvne pripravujeme na zimn\u00fa \u00fadr\u017ebu 2020\/2021.<\/p>","protected":false},"excerpt":{"rendered":"<p>Rok \u010do rok sa zimn\u00e9 obdobie men\u00ed, no v S\u00daC TTSK sa z roka na rok sna\u017e\u00edme zlep\u0161i\u0165 bez oh\u013eadu na to, \u010do zima prinesie. \u010coskoro n\u00e1s \u010dak\u00e1 nov\u00e9 zimn\u00e9 obdobie, na ktor\u00e9 sa v s\u00fa\u010dasnosti pripravujeme. Pre predstavu, \u010do zimn\u00e1 \u00fadr\u017eba ciest obn\u00e1\u0161a, v\u00e1m prin\u00e1\u0161ame kr\u00e1tke \u0161tatistick\u00e9 zhodnotenie a porovnanie sez\u00f3n 2019\/2020 a 2020\/2021. V porovnan\u00ed so sez\u00f3nou 2019\/2020 prispela nov\u00e1 technika k zefekt\u00edvneniu vyu\u017e\u00edvania posypov\u00e9ho materi\u00e1lu pou\u017e\u00edvan\u00e9ho na zimn\u00fa \u00fadr\u017ebu. Lep\u0161ia organiz\u00e1cia pr\u00e1ce s prehodnoten\u00edm jednotliv\u00fdch okruhov v\u00fdkonu   [&#8230;]<\/p>\n","protected":false},"author":4,"featured_media":2543,"comment_status":"open","ping_status":"open","sticky":false,"template":"","format":"standard","meta":{"_monsterinsights_skip_tracking":false,"_monsterinsights_sitenote_active":false,"_monsterinsights_sitenote_note":"","_monsterinsights_sitenote_category":0,"footnotes":""},"categories":[3],"tags":[],"class_list":["post-2531","post","type-post","status-publish","format-standard","has-post-thumbnail","hentry","category-aktuality"],"_links":{"self":[{"href":"https:\/\/www.spravaciest.sk\/hu\/wp-json\/wp\/v2\/posts\/2531","targetHints":{"allow":["GET"]}}],"collection":[{"href":"https:\/\/www.spravaciest.sk\/hu\/wp-json\/wp\/v2\/posts"}],"about":[{"href":"https:\/\/www.spravaciest.sk\/hu\/wp-json\/wp\/v2\/types\/post"}],"author":[{"embeddable":true,"href":"https:\/\/www.spravaciest.sk\/hu\/wp-json\/wp\/v2\/users\/4"}],"replies":[{"embeddable":true,"href":"https:\/\/www.spravaciest.sk\/hu\/wp-json\/wp\/v2\/comments?post=2531"}],"version-history":[{"count":0,"href":"https:\/\/www.spravaciest.sk\/hu\/wp-json\/wp\/v2\/posts\/2531\/revisions"}],"wp:featuredmedia":[{"embeddable":true,"href":"https:\/\/www.spravaciest.sk\/hu\/wp-json\/wp\/v2\/media\/2543"}],"wp:attachment":[{"href":"https:\/\/www.spravaciest.sk\/hu\/wp-json\/wp\/v2\/media?parent=2531"}],"wp:term":[{"taxonomy":"category","embeddable":true,"href":"https:\/\/www.spravaciest.sk\/hu\/wp-json\/wp\/v2\/categories?post=2531"},{"taxonomy":"post_tag","embeddable":true,"href":"https:\/\/www.spravaciest.sk\/hu\/wp-json\/wp\/v2\/tags?post=2531"}],"curies":[{"name":"wp","href":"https:\/\/api.w.org\/{rel}","templated":true}]}}