{"id":2613,"date":"2021-12-22T15:39:04","date_gmt":"2021-12-22T14:39:04","guid":{"rendered":"https:\/\/www.spravaciest.sk\/?p=2613"},"modified":"2021-12-22T15:39:04","modified_gmt":"2021-12-22T14:39:04","slug":"stahovanie-strediska-senica","status":"publish","type":"post","link":"https:\/\/www.spravaciest.sk\/hu\/2021\/12\/22\/stahovanie-strediska-senica\/","title":{"rendered":"S\u0165ahovanie strediska Senica"},"content":{"rendered":"<p><span data-contrast=\"auto\">Od roku 1965 s\u00eddlila Okresn\u00e1 spr\u00e1va ciest na Hurbanovej ulici v Senici. Mesto sa postupom \u010dasu za\u010dalo rozrasta\u0165, v priamej bl\u00edzkosti vyr\u00e1stlo nov\u00e9 s\u00eddlisko Sotina a stredisko \u201eobkolesili\u201c\u00a0 nov\u00e9 \u0161koly, \u0161k\u00f4lky i obchodn\u00e9 centr\u00e1. U\u017e v 90. rokoch sa za\u010dalo uva\u017eova\u0165 o vybudovan\u00ed novej centr\u00e1ly pre cel\u00fd okres Senica, pri\u010dom boli vypracovan\u00e9 projekty pre \u00fazemn\u00e9 povolenie na Priemyselnej ulici. K samotnej realiz\u00e1cii \u017eia\u013e nedo\u0161lo. Na\u010falej sa h\u013eadali priestory na pres\u0165ahovanie, ale \u017eiaden z objektov nesp\u013a\u0148al po\u017eiadavky a\u202fpotreby tak\u00e9hoto pracoviska. Do p\u00f4vodn\u00e9ho objektu\u00a0 nebolo investovan\u00e9 vzh\u013eadom na to, \u017ee priestory by potrebovali pre \u010fal\u0161iu prev\u00e1dzku rozsiahlu rekon\u0161trukciu.\u00a0\u00a0<\/span><span data-ccp-props=\"{&quot;201341983&quot;:0,&quot;335559739&quot;:160,&quot;335559740&quot;:259}\">\u00a0<\/span><\/p>\n<p><span data-contrast=\"auto\">V roku 2020 sa dali veci do pohybu a z viacer\u00fdch mo\u017enost\u00ed bol na pres\u0165ahovanie vybran\u00fd b\u00fdval\u00fd are\u00e1l SPP na \u017delezni\u010dnej ulici. Priestory, do ktor\u00fdch sa malo stredisko pres\u0165ahova\u0165, boli od roku 2005 nevyu\u017e\u00edvan\u00e9. Na prv\u00fd poh\u013ead objekt vyzeral dobre, no na jeho op\u00e4tovn\u00e9 sprev\u00e1dzkovanie bolo po 16 rokoch potrebn\u00e9 vynalo\u017ei\u0165 ve\u013ek\u00e9 \u00fasilie. Cel\u00e9 stredisko potrebovalo radik\u00e1lnu obnovu. V prvom rade bolo nutn\u00e9 v\u0161etky vonkaj\u0161ie a vn\u00fatorn\u00e9 priestory vy\u010disti\u0165, opravi\u0165 omietky a cel\u00fa budovu vyma\u013eova\u0165. Nevyhnutn\u00e1 bola kompletn\u00e1 v\u00fdmena sanity, dobudovanie sp\u0155ch, v\u00fdmena po\u0161koden\u00fdch podl\u00e1h v kancel\u00e1ri\u00e1ch a na chodb\u00e1ch. \u010eal\u0161\u00edm krokom bolo sfunk\u010dnenie kanaliz\u00e1cie a elektroin\u0161tal\u00e1cie. Na rekon\u0161trukciu plynovej kotolne boli pou\u017eit\u00e9 nov\u00e9 kotle z p\u00f4vodn\u00e9ho strediska a vymenen\u00e9\u00a0 bolo teplovodn\u00e9 potrubie medzi administrat\u00edvnou budovou a diel\u0148ou. Tieto pr\u00e1ce (okrem \u0161pecializovan\u00fdch pr\u00e1c) sa\u00a0 vykon\u00e1vali zv\u00e4\u010d\u0161a vo vlastnej r\u00e9\u017eii a s\u00fa\u010dasne sa zabezpe\u010dovala aj \u00fadr\u017eba na cest\u00e1ch.\u00a0<\/span><span data-ccp-props=\"{&quot;201341983&quot;:0,&quot;335559739&quot;:160,&quot;335559740&quot;:259}\">\u00a0<\/span><\/p>\n<p><img decoding=\"async\" class=\"lazyload alignnone wp-image-2617\" src=\"https:\/\/www.spravaciest.sk\/wp-content\/uploads\/2021\/12\/19.07.2021-08210-SPP-4-225x300.jpg\" data-orig-src=\"https:\/\/www.spravaciest.sk\/wp-content\/uploads\/2021\/12\/19.07.2021-08210-SPP-4-225x300.jpg\" alt=\"\" width=\"241\" height=\"322\" srcset=\"data:image\/svg+xml,%3Csvg%20xmlns%3D%27http%3A%2F%2Fwww.w3.org%2F2000%2Fsvg%27%20width%3D%27241%27%20height%3D%27322%27%20viewBox%3D%270%200%20241%20322%27%3E%3Crect%20width%3D%27241%27%20height%3D%27322%27%20fill-opacity%3D%220%22%2F%3E%3C%2Fsvg%3E\" data-srcset=\"https:\/\/www.spravaciest.sk\/wp-content\/uploads\/2021\/12\/19.07.2021-08210-SPP-4-200x267.jpg 200w, https:\/\/www.spravaciest.sk\/wp-content\/uploads\/2021\/12\/19.07.2021-08210-SPP-4-225x300.jpg 225w, https:\/\/www.spravaciest.sk\/wp-content\/uploads\/2021\/12\/19.07.2021-08210-SPP-4-400x533.jpg 400w, https:\/\/www.spravaciest.sk\/wp-content\/uploads\/2021\/12\/19.07.2021-08210-SPP-4-600x800.jpg 600w, https:\/\/www.spravaciest.sk\/wp-content\/uploads\/2021\/12\/19.07.2021-08210-SPP-4-768x1024.jpg 768w, https:\/\/www.spravaciest.sk\/wp-content\/uploads\/2021\/12\/19.07.2021-08210-SPP-4-800x1067.jpg 800w, https:\/\/www.spravaciest.sk\/wp-content\/uploads\/2021\/12\/19.07.2021-08210-SPP-4-1152x1536.jpg 1152w, https:\/\/www.spravaciest.sk\/wp-content\/uploads\/2021\/12\/19.07.2021-08210-SPP-4-1200x1600.jpg 1200w, https:\/\/www.spravaciest.sk\/wp-content\/uploads\/2021\/12\/19.07.2021-08210-SPP-4-1536x2048.jpg 1536w, https:\/\/www.spravaciest.sk\/wp-content\/uploads\/2021\/12\/19.07.2021-08210-SPP-4-scaled.jpg 1920w\" data-sizes=\"auto\" data-orig-sizes=\"(max-width: 241px) 100vw, 241px\" \/>\u00a0 <img decoding=\"async\" class=\"lazyload alignnone wp-image-2616\" src=\"https:\/\/www.spravaciest.sk\/wp-content\/uploads\/2021\/12\/23.08.2021-08210-6-225x300.jpg\" data-orig-src=\"https:\/\/www.spravaciest.sk\/wp-content\/uploads\/2021\/12\/23.08.2021-08210-6-225x300.jpg\" alt=\"\" width=\"240\" height=\"320\" srcset=\"data:image\/svg+xml,%3Csvg%20xmlns%3D%27http%3A%2F%2Fwww.w3.org%2F2000%2Fsvg%27%20width%3D%27240%27%20height%3D%27320%27%20viewBox%3D%270%200%20240%20320%27%3E%3Crect%20width%3D%27240%27%20height%3D%27320%27%20fill-opacity%3D%220%22%2F%3E%3C%2Fsvg%3E\" data-srcset=\"https:\/\/www.spravaciest.sk\/wp-content\/uploads\/2021\/12\/23.08.2021-08210-6-200x267.jpg 200w, https:\/\/www.spravaciest.sk\/wp-content\/uploads\/2021\/12\/23.08.2021-08210-6-225x300.jpg 225w, https:\/\/www.spravaciest.sk\/wp-content\/uploads\/2021\/12\/23.08.2021-08210-6-400x533.jpg 400w, https:\/\/www.spravaciest.sk\/wp-content\/uploads\/2021\/12\/23.08.2021-08210-6-600x800.jpg 600w, https:\/\/www.spravaciest.sk\/wp-content\/uploads\/2021\/12\/23.08.2021-08210-6-768x1024.jpg 768w, https:\/\/www.spravaciest.sk\/wp-content\/uploads\/2021\/12\/23.08.2021-08210-6-800x1067.jpg 800w, https:\/\/www.spravaciest.sk\/wp-content\/uploads\/2021\/12\/23.08.2021-08210-6-1152x1536.jpg 1152w, https:\/\/www.spravaciest.sk\/wp-content\/uploads\/2021\/12\/23.08.2021-08210-6-1200x1600.jpg 1200w, https:\/\/www.spravaciest.sk\/wp-content\/uploads\/2021\/12\/23.08.2021-08210-6-1536x2048.jpg 1536w, https:\/\/www.spravaciest.sk\/wp-content\/uploads\/2021\/12\/23.08.2021-08210-6-scaled.jpg 1920w\" data-sizes=\"auto\" data-orig-sizes=\"(max-width: 240px) 100vw, 240px\" \/>\u00a0 <img decoding=\"async\" class=\"lazyload alignnone wp-image-2621\" src=\"https:\/\/www.spravaciest.sk\/wp-content\/uploads\/2021\/12\/13.09.2021-08210-2-225x300.jpg\" data-orig-src=\"https:\/\/www.spravaciest.sk\/wp-content\/uploads\/2021\/12\/13.09.2021-08210-2-225x300.jpg\" alt=\"\" width=\"240\" height=\"320\" srcset=\"data:image\/svg+xml,%3Csvg%20xmlns%3D%27http%3A%2F%2Fwww.w3.org%2F2000%2Fsvg%27%20width%3D%27240%27%20height%3D%27320%27%20viewBox%3D%270%200%20240%20320%27%3E%3Crect%20width%3D%27240%27%20height%3D%27320%27%20fill-opacity%3D%220%22%2F%3E%3C%2Fsvg%3E\" data-srcset=\"https:\/\/www.spravaciest.sk\/wp-content\/uploads\/2021\/12\/13.09.2021-08210-2-200x267.jpg 200w, https:\/\/www.spravaciest.sk\/wp-content\/uploads\/2021\/12\/13.09.2021-08210-2-225x300.jpg 225w, https:\/\/www.spravaciest.sk\/wp-content\/uploads\/2021\/12\/13.09.2021-08210-2-400x533.jpg 400w, https:\/\/www.spravaciest.sk\/wp-content\/uploads\/2021\/12\/13.09.2021-08210-2-600x800.jpg 600w, https:\/\/www.spravaciest.sk\/wp-content\/uploads\/2021\/12\/13.09.2021-08210-2-768x1024.jpg 768w, https:\/\/www.spravaciest.sk\/wp-content\/uploads\/2021\/12\/13.09.2021-08210-2-800x1067.jpg 800w, https:\/\/www.spravaciest.sk\/wp-content\/uploads\/2021\/12\/13.09.2021-08210-2-1152x1536.jpg 1152w, https:\/\/www.spravaciest.sk\/wp-content\/uploads\/2021\/12\/13.09.2021-08210-2-1200x1600.jpg 1200w, https:\/\/www.spravaciest.sk\/wp-content\/uploads\/2021\/12\/13.09.2021-08210-2-1536x2048.jpg 1536w, https:\/\/www.spravaciest.sk\/wp-content\/uploads\/2021\/12\/13.09.2021-08210-2-scaled.jpg 1920w\" data-sizes=\"auto\" data-orig-sizes=\"(max-width: 240px) 100vw, 240px\" \/><\/p>\n<p><span data-contrast=\"auto\">Okrem toho\u00a0 pribudla stredisku\u00a0 d\u00f4le\u017eit\u00e1 \u00faloha \u2013 pripravi\u0165 cesty na n\u00e1v\u0161tevu Sv\u00e4t\u00e9ho Otca Franti\u0161ka v meste \u0160a\u0161t\u00edn-Str\u00e1\u017ee. Kv\u00f4li samotnej pr\u00edprave ciest na t\u00fato udalos\u0165 boli od 2. augusta do 15. septembra pr\u00e1ce na nov\u00fdch priestoroch utlmen\u00e9. V \u0160a\u0161t\u00edne a\u202fokol\u00ed bolo pripraven\u00fdch 13 vjazdov na parkovanie (z toho 3 \u00faplne nov\u00e9 vjazdy s priepustami), opraven\u00e9 boli\u00a0 z\u00e1bradlia na mostoch, vyspraven\u00e9 pr\u00edstupov\u00e9 cesty a\u202fopraven\u00e9 vodorovn\u00e9 dopravn\u00e9 zna\u010denie. Po ukon\u010den\u00ed n\u00e1v\u0161tevy Sv\u00e4t\u00e9ho Otca\u00a0 sa zamestnanci op\u00e4tovne pustili do rekon\u0161trukcie nov\u00e9ho strediska.<\/span><\/p>\n<p><img decoding=\"async\" class=\"lazyload alignnone wp-image-2614\" src=\"https:\/\/www.spravaciest.sk\/wp-content\/uploads\/2021\/12\/27.09.2021-08210-3-300x225.jpg\" data-orig-src=\"https:\/\/www.spravaciest.sk\/wp-content\/uploads\/2021\/12\/27.09.2021-08210-3-300x225.jpg\" alt=\"\" width=\"362\" height=\"271\" srcset=\"data:image\/svg+xml,%3Csvg%20xmlns%3D%27http%3A%2F%2Fwww.w3.org%2F2000%2Fsvg%27%20width%3D%27362%27%20height%3D%27271%27%20viewBox%3D%270%200%20362%20271%27%3E%3Crect%20width%3D%27362%27%20height%3D%27271%27%20fill-opacity%3D%220%22%2F%3E%3C%2Fsvg%3E\" data-srcset=\"https:\/\/www.spravaciest.sk\/wp-content\/uploads\/2021\/12\/27.09.2021-08210-3-200x150.jpg 200w, https:\/\/www.spravaciest.sk\/wp-content\/uploads\/2021\/12\/27.09.2021-08210-3-300x225.jpg 300w, https:\/\/www.spravaciest.sk\/wp-content\/uploads\/2021\/12\/27.09.2021-08210-3-400x300.jpg 400w, https:\/\/www.spravaciest.sk\/wp-content\/uploads\/2021\/12\/27.09.2021-08210-3-600x450.jpg 600w, https:\/\/www.spravaciest.sk\/wp-content\/uploads\/2021\/12\/27.09.2021-08210-3-768x576.jpg 768w, https:\/\/www.spravaciest.sk\/wp-content\/uploads\/2021\/12\/27.09.2021-08210-3-800x600.jpg 800w, https:\/\/www.spravaciest.sk\/wp-content\/uploads\/2021\/12\/27.09.2021-08210-3-1024x768.jpg 1024w, https:\/\/www.spravaciest.sk\/wp-content\/uploads\/2021\/12\/27.09.2021-08210-3-1200x900.jpg 1200w, https:\/\/www.spravaciest.sk\/wp-content\/uploads\/2021\/12\/27.09.2021-08210-3-1536x1152.jpg 1536w\" data-sizes=\"auto\" data-orig-sizes=\"(max-width: 362px) 100vw, 362px\" \/>\u00a0 <img decoding=\"async\" class=\"lazyload alignnone wp-image-2615\" src=\"https:\/\/www.spravaciest.sk\/wp-content\/uploads\/2021\/12\/29.07.2021-08210-1-scaled-e1640005677325-300x225.jpg\" data-orig-src=\"https:\/\/www.spravaciest.sk\/wp-content\/uploads\/2021\/12\/29.07.2021-08210-1-scaled-e1640005677325-300x225.jpg\" alt=\"\" width=\"362\" height=\"271\" srcset=\"data:image\/svg+xml,%3Csvg%20xmlns%3D%27http%3A%2F%2Fwww.w3.org%2F2000%2Fsvg%27%20width%3D%27362%27%20height%3D%27271%27%20viewBox%3D%270%200%20362%20271%27%3E%3Crect%20width%3D%27362%27%20height%3D%27271%27%20fill-opacity%3D%220%22%2F%3E%3C%2Fsvg%3E\" data-srcset=\"https:\/\/www.spravaciest.sk\/wp-content\/uploads\/2021\/12\/29.07.2021-08210-1-scaled-e1640005677325-200x150.jpg 200w, https:\/\/www.spravaciest.sk\/wp-content\/uploads\/2021\/12\/29.07.2021-08210-1-scaled-e1640005677325-300x225.jpg 300w, https:\/\/www.spravaciest.sk\/wp-content\/uploads\/2021\/12\/29.07.2021-08210-1-scaled-e1640005677325-400x300.jpg 400w, https:\/\/www.spravaciest.sk\/wp-content\/uploads\/2021\/12\/29.07.2021-08210-1-scaled-e1640005677325-600x450.jpg 600w, https:\/\/www.spravaciest.sk\/wp-content\/uploads\/2021\/12\/29.07.2021-08210-1-scaled-e1640005677325-768x576.jpg 768w, https:\/\/www.spravaciest.sk\/wp-content\/uploads\/2021\/12\/29.07.2021-08210-1-scaled-e1640005677325-800x600.jpg 800w, https:\/\/www.spravaciest.sk\/wp-content\/uploads\/2021\/12\/29.07.2021-08210-1-scaled-e1640005677325-1024x768.jpg 1024w, https:\/\/www.spravaciest.sk\/wp-content\/uploads\/2021\/12\/29.07.2021-08210-1-scaled-e1640005677325-1200x900.jpg 1200w, https:\/\/www.spravaciest.sk\/wp-content\/uploads\/2021\/12\/29.07.2021-08210-1-scaled-e1640005677325-1536x1152.jpg 1536w\" data-sizes=\"auto\" data-orig-sizes=\"(max-width: 362px) 100vw, 362px\" \/><\/p>\n<p><span data-contrast=\"auto\">Skon\u010denie pr\u00edpravn\u00fdch pr\u00e1c znamenalo samotn\u00e9 s\u0165ahovanie kancel\u00e1ri\u00ed, skladov a techniky, \u010do bola obzvl\u00e1\u0161\u0165 n\u00e1ro\u010dn\u00e1 \u00faloha. \u010eal\u0161ou \u00faspe\u0161ne zvl\u00e1dnutou v\u00fdzvou bolo rozmiestnenie techniky na novom dvore, ktor\u00fd je oproti star\u00e9mu o nie\u010do men\u0161\u00ed. A\u017e na p\u00e1r detailov\u00a0 bolo do nov\u00fdch priestorov pres\u0165ahovan\u00e9 v\u0161etko p\u00f4vodn\u00e9 vybavenie. M\u00e1lo pou\u017e\u00edvan\u00e9 zariadenia bud\u00fa pres\u0165ahovan\u00e9 pod\u013ea mo\u017enost\u00ed.<\/span><span data-ccp-props=\"{&quot;201341983&quot;:0,&quot;335559739&quot;:160,&quot;335559740&quot;:259}\">\u00a0<\/span><\/p>\n<p><span data-contrast=\"auto\">V novej centr\u00e1le\u00a0 \u010dak\u00e1 e\u0161te na sprev\u00e1dzkovanie um\u00fdvac\u00ed priestor pre vozidl\u00e1, rozvody vzduchu,\u00a0 sol\u00e1nkov\u00e9ho hospod\u00e1rstva, ale aj\u00a0 pres\u0165ahovanie arch\u00edvu a vybavenia dieln\u00ed. V bud\u00facnosti sa pl\u00e1nuje\u00a0 dobudovanie vonkaj\u0161ej \u00fadr\u017eb\u00e1rskej rampy.<\/span><span data-ccp-props=\"{&quot;201341983&quot;:0,&quot;335559739&quot;:160,&quot;335559740&quot;:259}\">\u00a0<\/span><\/p>\n<p><span data-contrast=\"auto\">Po\u010fakovanie patr\u00ed\u00a0 v\u0161etk\u00fdm pracovn\u00edkom oblasti Senica za\u00a0 zvl\u00e1dnutie\u00a0 n\u00e1ro\u010dn\u00fdch \u00faloh s\u0165ahovania strediska v tak kr\u00e1tkom \u010dase. Rovnak\u00e1 v\u010faka patr\u00ed aj\u00a0 vedeniu S\u00daC TTSK za\u00a0 umo\u017enenie pres\u0165ahovania do nov\u00e9ho objektu, ktor\u00fd zodpoved\u00e1 po\u017eiadavk\u00e1m.<\/span><span data-ccp-props=\"{&quot;201341983&quot;:0,&quot;335559739&quot;:160,&quot;335559740&quot;:259}\">\u00a0<\/span><\/p>\n<p style=\"text-align: right;\"><span style=\"font-size: 8pt;\">Autori: Ren\u00e1tus \u0160imandl, majster strediska Senica a Eduard Havel, n\u00e1mestn\u00edk spr\u00e1vy a prev\u00e1dzky ciest pre oblas\u0165 Senica<\/span><\/p>","protected":false},"excerpt":{"rendered":"<p>Od roku 1965 s\u00eddlila Okresn\u00e1 spr\u00e1va ciest na Hurbanovej ulici v Senici. Mesto sa postupom \u010dasu za\u010dalo rozrasta\u0165, v priamej bl\u00edzkosti vyr\u00e1stlo nov\u00e9 s\u00eddlisko Sotina a stredisko \u201eobkolesili\u201c\u00a0 nov\u00e9 \u0161koly, \u0161k\u00f4lky i obchodn\u00e9 centr\u00e1. U\u017e v 90. rokoch sa za\u010dalo uva\u017eova\u0165 o vybudovan\u00ed novej centr\u00e1ly pre cel\u00fd okres Senica, pri\u010dom boli vypracovan\u00e9 projekty pre \u00fazemn\u00e9 povolenie na Priemyselnej ulici. K samotnej realiz\u00e1cii \u017eia\u013e nedo\u0161lo. Na\u010falej sa h\u013eadali priestory na pres\u0165ahovanie, ale \u017eiaden z objektov nesp\u013a\u0148al po\u017eiadavky a\u202fpotreby tak\u00e9hoto pracoviska. Do   [&#8230;]<\/p>\n","protected":false},"author":3,"featured_media":2625,"comment_status":"open","ping_status":"open","sticky":false,"template":"","format":"standard","meta":{"_monsterinsights_skip_tracking":false,"_monsterinsights_sitenote_active":false,"_monsterinsights_sitenote_note":"","_monsterinsights_sitenote_category":0,"footnotes":""},"categories":[3],"tags":[],"class_list":["post-2613","post","type-post","status-publish","format-standard","has-post-thumbnail","hentry","category-aktuality"],"_links":{"self":[{"href":"https:\/\/www.spravaciest.sk\/hu\/wp-json\/wp\/v2\/posts\/2613","targetHints":{"allow":["GET"]}}],"collection":[{"href":"https:\/\/www.spravaciest.sk\/hu\/wp-json\/wp\/v2\/posts"}],"about":[{"href":"https:\/\/www.spravaciest.sk\/hu\/wp-json\/wp\/v2\/types\/post"}],"author":[{"embeddable":true,"href":"https:\/\/www.spravaciest.sk\/hu\/wp-json\/wp\/v2\/users\/3"}],"replies":[{"embeddable":true,"href":"https:\/\/www.spravaciest.sk\/hu\/wp-json\/wp\/v2\/comments?post=2613"}],"version-history":[{"count":0,"href":"https:\/\/www.spravaciest.sk\/hu\/wp-json\/wp\/v2\/posts\/2613\/revisions"}],"wp:featuredmedia":[{"embeddable":true,"href":"https:\/\/www.spravaciest.sk\/hu\/wp-json\/wp\/v2\/media\/2625"}],"wp:attachment":[{"href":"https:\/\/www.spravaciest.sk\/hu\/wp-json\/wp\/v2\/media?parent=2613"}],"wp:term":[{"taxonomy":"category","embeddable":true,"href":"https:\/\/www.spravaciest.sk\/hu\/wp-json\/wp\/v2\/categories?post=2613"},{"taxonomy":"post_tag","embeddable":true,"href":"https:\/\/www.spravaciest.sk\/hu\/wp-json\/wp\/v2\/tags?post=2613"}],"curies":[{"name":"wp","href":"https:\/\/api.w.org\/{rel}","templated":true}]}}