{"id":2632,"date":"2021-12-29T11:29:04","date_gmt":"2021-12-29T10:29:04","guid":{"rendered":"https:\/\/www.spravaciest.sk\/?p=2632"},"modified":"2021-12-29T11:29:04","modified_gmt":"2021-12-29T10:29:04","slug":"zimna-udrzba-v-suc-ttsk","status":"publish","type":"post","link":"https:\/\/www.spravaciest.sk\/hu\/2021\/12\/29\/zimna-udrzba-v-suc-ttsk\/","title":{"rendered":"Zimn\u00e1 \u00fadr\u017eba v S\u00daC TTSK"},"content":{"rendered":"<p><b><span data-contrast=\"auto\">Z\u00e1kladn\u00e9 inform\u00e1cie o\u202fZ\u00da:<\/span><\/b><span data-ccp-props=\"{&quot;201341983&quot;:0,&quot;335559739&quot;:160,&quot;335559740&quot;:259}\">\u00a0<\/span><\/p>\n<ul>\n<li data-leveltext=\"\uf0b7\" data-font=\"Symbol\" data-listid=\"1\" aria-setsize=\"-1\" data-aria-posinset=\"1\" data-aria-level=\"1\"><span data-contrast=\"auto\">zimn\u00e1 \u00fadr\u017eba zabezpe\u010duje zjazdnos\u0165\/schodnos\u0165 ciest pod\u013ea stanoven\u00e9ho \u0161tandardu;<\/span><span data-ccp-props=\"{&quot;134233279&quot;:true,&quot;201341983&quot;:0,&quot;335559739&quot;:160,&quot;335559740&quot;:259}\">\u00a0<\/span><\/li>\n<li data-leveltext=\"\uf0b7\" data-font=\"Symbol\" data-listid=\"1\" aria-setsize=\"-1\" data-aria-posinset=\"2\" data-aria-level=\"1\"><span data-contrast=\"auto\">za\u010d\u00edna sa 1. novembra (ak si to okolnosti nevy\u017eaduj\u00fa sk\u00f4r), no vzh\u013eadom na priazniv\u00e9 geografick\u00e9 podmienky sa za\u010d\u00edna vykon\u00e1va\u0165 v\u202fpolovici novembra, resp.na za\u010diatku decembra;<\/span><span data-ccp-props=\"{&quot;134233279&quot;:true,&quot;201341983&quot;:0,&quot;335559739&quot;:160,&quot;335559740&quot;:259}\">\u00a0<\/span><\/li>\n<\/ul>\n<ul>\n<li data-leveltext=\"\uf0b7\" data-font=\"Symbol\" data-listid=\"1\" aria-setsize=\"-1\" data-aria-posinset=\"1\" data-aria-level=\"1\"><span data-contrast=\"auto\">Z\u00da sa kon\u010d\u00ed v\u202fz\u00e1vislosti od po\u010dasia koncom marca, pr\u00edpadne apr\u00edla;<\/span><span data-ccp-props=\"{&quot;134233279&quot;:true,&quot;201341983&quot;:0,&quot;335559739&quot;:160,&quot;335559740&quot;:259}\">\u00a0<\/span><\/li>\n<li data-leveltext=\"\uf0b7\" data-font=\"Symbol\" data-listid=\"1\" aria-setsize=\"-1\" data-aria-posinset=\"2\" data-aria-level=\"1\"><span data-contrast=\"auto\">v\u00fdkon na cest\u00e1ch je zabezpe\u010den\u00fd 24\/7 (vr\u00e1tane sviatkov a\u202fdn\u00ed pracovn\u00e9ho pokoja).<\/span><span data-ccp-props=\"{&quot;134233279&quot;:true,&quot;201341983&quot;:0,&quot;335559739&quot;:160,&quot;335559740&quot;:259}\">\u00a0<\/span><\/li>\n<\/ul>\n<p><img decoding=\"async\" class=\"lazyload alignnone wp-image-2633\" src=\"https:\/\/www.spravaciest.sk\/wp-content\/uploads\/2021\/12\/Snimka-obrazovky-2021-12-28-130342-300x201.png\" data-orig-src=\"https:\/\/www.spravaciest.sk\/wp-content\/uploads\/2021\/12\/Snimka-obrazovky-2021-12-28-130342-300x201.png\" alt=\"\" width=\"525\" height=\"352\" srcset=\"data:image\/svg+xml,%3Csvg%20xmlns%3D%27http%3A%2F%2Fwww.w3.org%2F2000%2Fsvg%27%20width%3D%27525%27%20height%3D%27352%27%20viewBox%3D%270%200%20525%20352%27%3E%3Crect%20width%3D%27525%27%20height%3D%27352%27%20fill-opacity%3D%220%22%2F%3E%3C%2Fsvg%3E\" data-srcset=\"https:\/\/www.spravaciest.sk\/wp-content\/uploads\/2021\/12\/Snimka-obrazovky-2021-12-28-130342-200x134.png 200w, https:\/\/www.spravaciest.sk\/wp-content\/uploads\/2021\/12\/Snimka-obrazovky-2021-12-28-130342-300x201.png 300w, https:\/\/www.spravaciest.sk\/wp-content\/uploads\/2021\/12\/Snimka-obrazovky-2021-12-28-130342-400x268.png 400w, https:\/\/www.spravaciest.sk\/wp-content\/uploads\/2021\/12\/Snimka-obrazovky-2021-12-28-130342-600x402.png 600w, https:\/\/www.spravaciest.sk\/wp-content\/uploads\/2021\/12\/Snimka-obrazovky-2021-12-28-130342-768x515.png 768w, https:\/\/www.spravaciest.sk\/wp-content\/uploads\/2021\/12\/Snimka-obrazovky-2021-12-28-130342.png 800w\" data-sizes=\"auto\" data-orig-sizes=\"(max-width: 525px) 100vw, 525px\" \/><\/p>\n<p><span data-contrast=\"auto\">Zimn\u00e1 \u00fadr\u017eba na\u0161ich ciest je v plnom pr\u00fade, no predch\u00e1dzala jej pomerne dlh\u00e1 pr\u00edprava opera\u010dn\u00e9ho pl\u00e1nu na sez\u00f3nu 2021\/2022. T\u00e1 sa za\u010dala u\u017e po\u010das leta, kedy sa uskuto\u010dnili na oblastiach vyhodnotenia predch\u00e1dzaj\u00facej zimnej \u00fadr\u017eby. Vyhodnocovali sa stredisk\u00e1 v r\u00e1mci oblast\u00ed pod\u013ea definovan\u00fdch ukazovate\u013eov. T\u00fdmto krokom sa zmenila dynamika pr\u00edpravy oproti minulej sez\u00f3ne, kedy sa zabezpe\u010dovalo vyhodnotenie zimnej \u00fadr\u017eby za cel\u00fa organiz\u00e1ciu naraz, teda za v\u0161etky oblasti a\u202fstredisk\u00e1 spolo\u010dne. Zmena umo\u017enila lep\u0161ie zhodnoti\u0165 siln\u00e9 a slab\u00e9 str\u00e1nky stred\u00edsk a\u00a0 oblast\u00ed. V\u00fdsledky hodnotenia umo\u017enili podstatne sk\u00f4r za\u010da\u0165 pl\u00e1nova\u0165 person\u00e1lne, materi\u00e1lne a technick\u00e9 zdroje potrebn\u00e9 na nadch\u00e1dzaj\u00facu zimn\u00fa \u00fadr\u017ebu pre ka\u017ed\u00e9 stredisko.<\/span><span data-ccp-props=\"{&quot;201341983&quot;:0,&quot;335559739&quot;:160,&quot;335559740&quot;:259}\">\u00a0<\/span><\/p>\n<p><span data-contrast=\"auto\">Celkov\u00e1 filozofia pr\u00edpravy za\u010d\u00edna v hodnoten\u00ed uplynulej zimnej \u00fadr\u017eby pod\u013ea vopred stanoven\u00fdch krit\u00e9ri\u00ed. Toto hodnotenie tvor\u00ed vstup pre pl\u00e1novanie nadch\u00e1dzaj\u00facej zimnej \u00fadr\u017eby. Je nutn\u00e9 zisti\u0165 skuto\u010dn\u00fd stav person\u00e1lnych, materi\u00e1lnych a technick\u00fdch zdrojov, ktor\u00e9 boli vyu\u017eit\u00e9 v\u202fminulom obdob\u00ed. Na z\u00e1klade nich bud\u00fa stanoven\u00e9 zdroje potrebn\u00e9 na pl\u00e1novan\u00fa zimn\u00fa \u00fadr\u017ebu. Po zhroma\u017eden\u00ed t\u00fdchto d\u00e1t doch\u00e1dza k ich anal\u00fdze. Pripraven\u00e9 podklady s\u00fa prezentovan\u00e9 na stretnutiach s n\u00e1mestn\u00edkmi oblast\u00ed.\u202fV\u00fdsledkom t\u00fdchto stretnut\u00ed je ich optimaliz\u00e1cia a\u202fpr\u00edprava samotnej organiz\u00e1cie nadch\u00e1dzaj\u00facej zimnej \u00fadr\u017eby.<\/span><span data-ccp-props=\"{&quot;201341983&quot;:0,&quot;335559739&quot;:160,&quot;335559740&quot;:259}\">\u00a0<\/span><\/p>\n<p><span data-contrast=\"auto\">D\u00f4le\u017eit\u00fdm \u0161pecifikom zimy 2021\/2022 je predpoklad, \u017ee v\u010faka tak\u00e9muto efekt\u00edvnemu pl\u00e1novaniu u\u017e nebude potrebn\u00e9 objed\u00e1va\u0165 extern\u00e9 vozidl\u00e1.\u00a0<\/span><span data-ccp-props=\"{&quot;201341983&quot;:0,&quot;335559739&quot;:160,&quot;335559740&quot;:259}\">\u00a0<\/span><\/p>\n<p style=\"text-align: right;\"><span style=\"font-size: 10pt;\"><span style=\"font-size: 8pt;\">Autor: Ing. J\u00e1n Pal\u00fach, odborn\u00fd technick\u00fd zamestnanec<\/span><br \/>\n<\/span><\/p>","protected":false},"excerpt":{"rendered":"<p>Z\u00e1kladn\u00e9 inform\u00e1cie o\u202fZ\u00da:\u00a0 zimn\u00e1 \u00fadr\u017eba zabezpe\u010duje zjazdnos\u0165\/schodnos\u0165 ciest pod\u013ea stanoven\u00e9ho \u0161tandardu;\u00a0 za\u010d\u00edna sa 1. novembra (ak si to okolnosti nevy\u017eaduj\u00fa sk\u00f4r), no vzh\u013eadom na priazniv\u00e9 geografick\u00e9 podmienky sa za\u010d\u00edna vykon\u00e1va\u0165 v\u202fpolovici novembra, resp.na za\u010diatku decembra;\u00a0 Z\u00da sa kon\u010d\u00ed v\u202fz\u00e1vislosti od po\u010dasia koncom marca, pr\u00edpadne apr\u00edla;\u00a0 v\u00fdkon na cest\u00e1ch je zabezpe\u010den\u00fd 24\/7 (vr\u00e1tane sviatkov a\u202fdn\u00ed pracovn\u00e9ho pokoja).\u00a0 Zimn\u00e1 \u00fadr\u017eba na\u0161ich ciest je v plnom pr\u00fade, no predch\u00e1dzala jej pomerne dlh\u00e1 pr\u00edprava opera\u010dn\u00e9ho pl\u00e1nu na sez\u00f3nu 2021\/2022. T\u00e1 sa za\u010dala u\u017e po\u010das   [&#8230;]<\/p>\n","protected":false},"author":3,"featured_media":2635,"comment_status":"open","ping_status":"open","sticky":false,"template":"","format":"standard","meta":{"_monsterinsights_skip_tracking":false,"_monsterinsights_sitenote_active":false,"_monsterinsights_sitenote_note":"","_monsterinsights_sitenote_category":0,"footnotes":""},"categories":[3],"tags":[],"class_list":["post-2632","post","type-post","status-publish","format-standard","has-post-thumbnail","hentry","category-aktuality"],"_links":{"self":[{"href":"https:\/\/www.spravaciest.sk\/hu\/wp-json\/wp\/v2\/posts\/2632","targetHints":{"allow":["GET"]}}],"collection":[{"href":"https:\/\/www.spravaciest.sk\/hu\/wp-json\/wp\/v2\/posts"}],"about":[{"href":"https:\/\/www.spravaciest.sk\/hu\/wp-json\/wp\/v2\/types\/post"}],"author":[{"embeddable":true,"href":"https:\/\/www.spravaciest.sk\/hu\/wp-json\/wp\/v2\/users\/3"}],"replies":[{"embeddable":true,"href":"https:\/\/www.spravaciest.sk\/hu\/wp-json\/wp\/v2\/comments?post=2632"}],"version-history":[{"count":0,"href":"https:\/\/www.spravaciest.sk\/hu\/wp-json\/wp\/v2\/posts\/2632\/revisions"}],"wp:featuredmedia":[{"embeddable":true,"href":"https:\/\/www.spravaciest.sk\/hu\/wp-json\/wp\/v2\/media\/2635"}],"wp:attachment":[{"href":"https:\/\/www.spravaciest.sk\/hu\/wp-json\/wp\/v2\/media?parent=2632"}],"wp:term":[{"taxonomy":"category","embeddable":true,"href":"https:\/\/www.spravaciest.sk\/hu\/wp-json\/wp\/v2\/categories?post=2632"},{"taxonomy":"post_tag","embeddable":true,"href":"https:\/\/www.spravaciest.sk\/hu\/wp-json\/wp\/v2\/tags?post=2632"}],"curies":[{"name":"wp","href":"https:\/\/api.w.org\/{rel}","templated":true}]}}