{"id":2637,"date":"2021-12-30T13:14:35","date_gmt":"2021-12-30T12:14:35","guid":{"rendered":"https:\/\/www.spravaciest.sk\/?p=2637"},"modified":"2021-12-30T13:14:35","modified_gmt":"2021-12-30T12:14:35","slug":"nase-cesty-otestovali-aj-svetoznami-cyklisti","status":"publish","type":"post","link":"https:\/\/www.spravaciest.sk\/hu\/2021\/12\/30\/nase-cesty-otestovali-aj-svetoznami-cyklisti\/","title":{"rendered":"Na\u0161e cesty otestovali aj svetozn\u00e1mi cyklisti"},"content":{"rendered":"<p><span data-contrast=\"auto\">Pred t\u00fdm, ako spolo\u010dne vst\u00fapime do nov\u00e9ho kalend\u00e1rneho roka, sa chceme s vami podeli\u0165 o udalos\u0165, po\u010das ktorej sa oblas\u0165 Trnava spolupodie\u013eala na mimoriadnej \u00fadr\u017ebe ciest a\u202fich okolia. I\u0161lo o organizovanie 65. ro\u010dn\u00edka medzin\u00e1rodn\u00e9ho cyklistick\u00e9ho podujatia \u201eOkolo Slovenska 2021\u201c, ktor\u00e9 sa konalo v septembri tohto roka. Krajsk\u00e1 inova\u010dn\u00e1 a\u202frozvojov\u00e1 agent\u00fara (KIRA) po\u017eiadala S\u00daC o\u202f\u00fadr\u017ebu trasy z\u00e1vere\u010dnej etapy t\u00fdchto pretekov, ktor\u00e1 za\u010d\u00ednala v\u202fk\u00fape\u013enom meste\u010dku Tren\u010dianske Teplice a\u202fkon\u010dila v\u202fprvom slobodnom kr\u00e1\u013eovskom meste, Trnava. <\/span><span data-ccp-props=\"{&quot;134233117&quot;:true,&quot;134233118&quot;:true,&quot;201341983&quot;:0,&quot;335559740&quot;:240}\">\u00a0<\/span><\/p>\n<p><span data-contrast=\"auto\">Trasa prech\u00e1dzala troma zo \u0161iestich stred\u00edsk oblasti Trnava, a\u202fto \u010cerven\u00edk, Trnava a\u202fBukov\u00e1. Pretek\u00e1ri prich\u00e1dzali na \u00fazemie Trnavsk\u00e9ho kraja v\u202fobci Mera\u0161ice, odkia\u013e pokra\u010dovali smerom na Hlohovec, \u0160\u00farovce, Trnavu, Ru\u017eindol, Dlh\u00fa a\u202fn\u00e1sledne cez obec Such\u00e1 nad Parnou do Trnavy.\u00a0 Pod Mestskou ve\u017eou v\u202fTrnave bol cie\u013e pretekov.<\/span><span data-ccp-props=\"{&quot;134233117&quot;:true,&quot;134233118&quot;:true,&quot;201341983&quot;:0,&quot;335559740&quot;:240}\">\u00a0<\/span><\/p>\n<p><span data-contrast=\"auto\">Na po\u017eiadavku Trnavskej KIRA S\u00daC bezodkladne zareagovala a\u202fzmapovala trasu pretekov. Potrebn\u00e9 z\u00e1sahy na \u00fadr\u017ebu ciest boli sp\u00edsan\u00e9 a harmonogram\u00a0 pl\u00e1novan\u00fdch pr\u00e1c \u00fadr\u017eby bol upraven\u00fd tak, aby boli uprednostnen\u00e9 cesty na pl\u00e1novanej trase pelot\u00f3nu. Po\u010das piatich pracovn\u00fdch dn\u00ed boli zrealizovan\u00e9 pr\u00e1ce, ktor\u00fdmi sa zaistili \u010do najlep\u0161ie podmienky pre samotn\u00fdch pretek\u00e1rov a\u202fpre ich bezpe\u010dnos\u0165.\u00a0<\/span><span data-ccp-props=\"{&quot;134233117&quot;:true,&quot;134233118&quot;:true,&quot;201341983&quot;:0,&quot;335559740&quot;:240}\">\u00a0<\/span><\/p>\n<p><span data-contrast=\"auto\">Pre rekapitul\u00e1ciu treba uvies\u0165, \u017ee bolo za t\u00fdmto \u00fa\u010delom pokosen\u00fdch\u00a0 261\u202f000 m<\/span><span data-contrast=\"auto\">2<\/span><span data-contrast=\"auto\"> tr\u00e1vnat\u00fdch porastov, pomocou nov\u00fdch \u010distiacich vozidiel bolo vyzametan\u00fdch 22\u202f300 m<\/span><span data-contrast=\"auto\">2<\/span><span data-contrast=\"auto\"> ciest, pri cest\u00e1ch II. triedy bola orezan\u00e1 prerasten\u00e1 veget\u00e1cia a\u202fvyr\u00faban\u00e9 boli dva nebezpe\u010dne nahnut\u00e9 stromy.\u00a0<\/span><span data-ccp-props=\"{&quot;134233117&quot;:true,&quot;134233118&quot;:true,&quot;201341983&quot;:0,&quot;335559740&quot;:240}\">\u00a0<\/span><\/p>\n<p><span data-contrast=\"auto\">Potrebn\u00e1 bola aj \u00fadr\u017eba stredov\u00e9ho ostrov\u010deka kruhov\u00e9ho objazdu v\u202fTrnave, kde bolo potrebn\u00e9 vytrhanie bur\u00edn, vyzbieranie odpadu a\u202forezanie prerasten\u00fdch kr\u00edkov. Vymenen\u00e9 boli 3 ks dopravn\u00e9ho zna\u010denia a 3 ks boli opraven\u00e9. Na opravu trhl\u00edn a\u202fdrobn\u00fdch v\u00fdtlkov bolo pou\u017eit\u00e9\u00a0 nov\u00e9 vozidlo Mercedes Benz Arocs s\u202fnadstavbou Strassmayr.<\/span><span data-ccp-props=\"{&quot;134233117&quot;:true,&quot;134233118&quot;:true,&quot;201341983&quot;:0,&quot;335559740&quot;:240}\">\u00a0<\/span><\/p>\n<p><span data-contrast=\"auto\">Na tomto podujat\u00ed ste mohli stretn\u00fa\u0165 velik\u00e1nov cestnej cyklistiky, ak\u00fdmi s\u00fa Chris Froom a\u202fPeter Sagan, \u010do si ve\u013ek\u00e9 mno\u017estvo \u013eud\u00ed nenechalo ujs\u0165. Pre v\u0161etk\u00fdch t\u00fdch, ktor\u00ed sa pretekov nemohli z\u00fa\u010dastni\u0165, zabezpe\u010dovala RTVS priamy prenos a z\u00e1bery z\u202fpretekov sa objavili aj na telev\u00edznej stanici Eurosport. <\/span><span data-ccp-props=\"{&quot;134233117&quot;:true,&quot;134233118&quot;:true,&quot;201341983&quot;:0,&quot;335559740&quot;:240}\">\u00a0<\/span><\/p>\n<p><b><span data-contrast=\"auto\">Na samotn\u00fd z\u00e1ver vyst\u00fapil na p\u00f3dium hlavn\u00fd organiz\u00e1tor a\u202fpo\u010fakoval sa v\u0161etk\u00fdm, ktor\u00ed priamo alebo nepriamo spolupracovali na zabezpe\u010den\u00ed podujatia. Taktie\u017e podotkol, \u017ee v\u0161etky trasy po\u010das \u0161tyroch jednotliv\u00fdch et\u00e1p boli excelentne pripraven\u00e9. Vraj najlep\u0161ie od za\u010diatku organizovania pretekov<\/span><\/b><span data-contrast=\"auto\">.<\/span><span data-ccp-props=\"{&quot;134233117&quot;:true,&quot;134233118&quot;:true,&quot;201341983&quot;:0,&quot;335559740&quot;:240}\">\u00a0<\/span><\/p>\n<p><span data-contrast=\"auto\">Preto patr\u00ed po\u010fakovanie\u00a0 v\u0161etk\u00fdm na\u0161im zamestnancom, ktor\u00ed sa podie\u013eali na \u00fadr\u017ebe trasy 4. etapy pretekov Okolo Slovenska. \u202f<\/span><span data-ccp-props=\"{&quot;134233117&quot;:true,&quot;134233118&quot;:true,&quot;201341983&quot;:0,&quot;335559740&quot;:240}\">\u00a0<\/span><\/p>\n<p><b><span data-contrast=\"auto\">Cyklistom zdar a\u202fcest\u00e1rom zvl\u00e1\u0161\u0165! <\/span><\/b><span data-contrast=\"auto\">\u00a0<\/span><span data-ccp-props=\"{&quot;134233117&quot;:true,&quot;134233118&quot;:true,&quot;201341983&quot;:0,&quot;335559740&quot;:240}\">\u00a0<\/span><\/p>\n<p style=\"text-align: right;\"><span style=\"font-size: 8pt;\">Autor: Ing. Radovan Fodor, n\u00e1mestn\u00edk spr\u00e1vy a prev\u00e1dzky ciest pre oblas\u0165 Trnava<\/span><\/p>","protected":false},"excerpt":{"rendered":"<p>Pred t\u00fdm, ako spolo\u010dne vst\u00fapime do nov\u00e9ho kalend\u00e1rneho roka, sa chceme s vami podeli\u0165 o udalos\u0165, po\u010das ktorej sa oblas\u0165 Trnava spolupodie\u013eala na mimoriadnej \u00fadr\u017ebe ciest a\u202fich okolia. I\u0161lo o organizovanie 65. ro\u010dn\u00edka medzin\u00e1rodn\u00e9ho cyklistick\u00e9ho podujatia \u201eOkolo Slovenska 2021\u201c, ktor\u00e9 sa konalo v septembri tohto roka. Krajsk\u00e1 inova\u010dn\u00e1 a\u202frozvojov\u00e1 agent\u00fara (KIRA) po\u017eiadala S\u00daC o\u202f\u00fadr\u017ebu trasy z\u00e1vere\u010dnej etapy t\u00fdchto pretekov, ktor\u00e1 za\u010d\u00ednala v\u202fk\u00fape\u013enom meste\u010dku Tren\u010dianske Teplice a\u202fkon\u010dila v\u202fprvom slobodnom kr\u00e1\u013eovskom meste, Trnava. \u00a0 Trasa prech\u00e1dzala troma zo \u0161iestich stred\u00edsk oblasti Trnava,   [&#8230;]<\/p>\n","protected":false},"author":3,"featured_media":2640,"comment_status":"open","ping_status":"open","sticky":false,"template":"","format":"standard","meta":{"_monsterinsights_skip_tracking":false,"_monsterinsights_sitenote_active":false,"_monsterinsights_sitenote_note":"","_monsterinsights_sitenote_category":0,"footnotes":""},"categories":[3],"tags":[],"class_list":["post-2637","post","type-post","status-publish","format-standard","has-post-thumbnail","hentry","category-aktuality"],"_links":{"self":[{"href":"https:\/\/www.spravaciest.sk\/hu\/wp-json\/wp\/v2\/posts\/2637","targetHints":{"allow":["GET"]}}],"collection":[{"href":"https:\/\/www.spravaciest.sk\/hu\/wp-json\/wp\/v2\/posts"}],"about":[{"href":"https:\/\/www.spravaciest.sk\/hu\/wp-json\/wp\/v2\/types\/post"}],"author":[{"embeddable":true,"href":"https:\/\/www.spravaciest.sk\/hu\/wp-json\/wp\/v2\/users\/3"}],"replies":[{"embeddable":true,"href":"https:\/\/www.spravaciest.sk\/hu\/wp-json\/wp\/v2\/comments?post=2637"}],"version-history":[{"count":0,"href":"https:\/\/www.spravaciest.sk\/hu\/wp-json\/wp\/v2\/posts\/2637\/revisions"}],"wp:featuredmedia":[{"embeddable":true,"href":"https:\/\/www.spravaciest.sk\/hu\/wp-json\/wp\/v2\/media\/2640"}],"wp:attachment":[{"href":"https:\/\/www.spravaciest.sk\/hu\/wp-json\/wp\/v2\/media?parent=2637"}],"wp:term":[{"taxonomy":"category","embeddable":true,"href":"https:\/\/www.spravaciest.sk\/hu\/wp-json\/wp\/v2\/categories?post=2637"},{"taxonomy":"post_tag","embeddable":true,"href":"https:\/\/www.spravaciest.sk\/hu\/wp-json\/wp\/v2\/tags?post=2637"}],"curies":[{"name":"wp","href":"https:\/\/api.w.org\/{rel}","templated":true}]}}