{"id":2738,"date":"2022-04-26T14:30:25","date_gmt":"2022-04-26T12:30:25","guid":{"rendered":"https:\/\/www.spravaciest.sk\/?p=2738"},"modified":"2022-05-10T12:40:18","modified_gmt":"2022-05-10T10:40:18","slug":"mesiac-v-cislach-3","status":"publish","type":"post","link":"https:\/\/www.spravaciest.sk\/hu\/2022\/04\/26\/mesiac-v-cislach-3\/","title":{"rendered":"Mesiac v \u010d\u00edslach"},"content":{"rendered":"<p>Op\u00e4\u0165 v\u00e1m prin\u00e1\u0161ame retrospekt\u00edvne trojmesa\u010dn\u00e9 zhrnutie diania z na\u0161ich ciest. Tentokr\u00e1t sme zosumarizovali priebeh zimnej \u00fadr\u017eby, ktor\u00e1 sa za\u010dala 1. novembra 2021.<br \/>\nV mesiacoch november a december 2021 a janu\u00e1r 2022 sme z poh\u013eadu v\u00fdkonov dosiahli tak\u00e9to v\u00fdsledky:<\/p>\n<p><img decoding=\"async\" class=\"lazyload alignnone wp-image-2739\" src=\"https:\/\/www.spravaciest.sk\/wp-content\/uploads\/2022\/04\/Snimka-obrazovky-2022-04-26-142030-300x58.png\" data-orig-src=\"https:\/\/www.spravaciest.sk\/wp-content\/uploads\/2022\/04\/Snimka-obrazovky-2022-04-26-142030-300x58.png\" alt=\"\" width=\"574\" height=\"111\" srcset=\"data:image\/svg+xml,%3Csvg%20xmlns%3D%27http%3A%2F%2Fwww.w3.org%2F2000%2Fsvg%27%20width%3D%27574%27%20height%3D%27111%27%20viewBox%3D%270%200%20574%20111%27%3E%3Crect%20width%3D%27574%27%20height%3D%27111%27%20fill-opacity%3D%220%22%2F%3E%3C%2Fsvg%3E\" data-srcset=\"https:\/\/www.spravaciest.sk\/wp-content\/uploads\/2022\/04\/Snimka-obrazovky-2022-04-26-142030-200x39.png 200w, https:\/\/www.spravaciest.sk\/wp-content\/uploads\/2022\/04\/Snimka-obrazovky-2022-04-26-142030-300x58.png 300w, https:\/\/www.spravaciest.sk\/wp-content\/uploads\/2022\/04\/Snimka-obrazovky-2022-04-26-142030-400x78.png 400w, https:\/\/www.spravaciest.sk\/wp-content\/uploads\/2022\/04\/Snimka-obrazovky-2022-04-26-142030-600x117.png 600w, https:\/\/www.spravaciest.sk\/wp-content\/uploads\/2022\/04\/Snimka-obrazovky-2022-04-26-142030-768x149.png 768w, https:\/\/www.spravaciest.sk\/wp-content\/uploads\/2022\/04\/Snimka-obrazovky-2022-04-26-142030-800x156.png 800w, https:\/\/www.spravaciest.sk\/wp-content\/uploads\/2022\/04\/Snimka-obrazovky-2022-04-26-142030-1024x199.png 1024w, https:\/\/www.spravaciest.sk\/wp-content\/uploads\/2022\/04\/Snimka-obrazovky-2022-04-26-142030-1200x233.png 1200w, https:\/\/www.spravaciest.sk\/wp-content\/uploads\/2022\/04\/Snimka-obrazovky-2022-04-26-142030.png 1368w\" data-sizes=\"auto\" data-orig-sizes=\"(max-width: 574px) 100vw, 574px\" \/><\/p>\n<p>Okrem rie\u0161enia zjazdnosti ciest formou odstra\u0148ovania snehu pluhovan\u00edm a r\u00f4znym posypom sa pokra\u010dovalo aj po\u010das zimn\u00fdch mesiacov v pr\u00e1cach na rekon\u0161trukci\u00e1ch \u010di oprav\u00e1ch ciest v jednotliv\u00fdch lokalit\u00e1ch:<\/p>\n<p><img decoding=\"async\" class=\"lazyload alignnone wp-image-2740\" src=\"https:\/\/www.spravaciest.sk\/wp-content\/uploads\/2022\/04\/Snimka-obrazovky-2022-04-26-142240-300x245.png\" data-orig-src=\"https:\/\/www.spravaciest.sk\/wp-content\/uploads\/2022\/04\/Snimka-obrazovky-2022-04-26-142240-300x245.png\" alt=\"\" width=\"578\" height=\"472\" srcset=\"data:image\/svg+xml,%3Csvg%20xmlns%3D%27http%3A%2F%2Fwww.w3.org%2F2000%2Fsvg%27%20width%3D%27578%27%20height%3D%27472%27%20viewBox%3D%270%200%20578%20472%27%3E%3Crect%20width%3D%27578%27%20height%3D%27472%27%20fill-opacity%3D%220%22%2F%3E%3C%2Fsvg%3E\" data-srcset=\"https:\/\/www.spravaciest.sk\/wp-content\/uploads\/2022\/04\/Snimka-obrazovky-2022-04-26-142240-200x163.png 200w, https:\/\/www.spravaciest.sk\/wp-content\/uploads\/2022\/04\/Snimka-obrazovky-2022-04-26-142240-300x245.png 300w, https:\/\/www.spravaciest.sk\/wp-content\/uploads\/2022\/04\/Snimka-obrazovky-2022-04-26-142240-400x327.png 400w, https:\/\/www.spravaciest.sk\/wp-content\/uploads\/2022\/04\/Snimka-obrazovky-2022-04-26-142240-600x490.png 600w, https:\/\/www.spravaciest.sk\/wp-content\/uploads\/2022\/04\/Snimka-obrazovky-2022-04-26-142240-768x627.png 768w, https:\/\/www.spravaciest.sk\/wp-content\/uploads\/2022\/04\/Snimka-obrazovky-2022-04-26-142240-800x653.png 800w, https:\/\/www.spravaciest.sk\/wp-content\/uploads\/2022\/04\/Snimka-obrazovky-2022-04-26-142240.png 933w\" data-sizes=\"auto\" data-orig-sizes=\"(max-width: 578px) 100vw, 578px\" \/><\/p>","protected":false},"excerpt":{"rendered":"<p>Op\u00e4\u0165 v\u00e1m prin\u00e1\u0161ame retrospekt\u00edvne trojmesa\u010dn\u00e9 zhrnutie diania z na\u0161ich ciest. Tentokr\u00e1t sme zosumarizovali priebeh zimnej \u00fadr\u017eby, ktor\u00e1 sa za\u010dala 1. novembra 2021. V mesiacoch november a december 2021 a janu\u00e1r 2022 sme z poh\u013eadu v\u00fdkonov dosiahli tak\u00e9to v\u00fdsledky: Okrem rie\u0161enia zjazdnosti ciest formou odstra\u0148ovania snehu pluhovan\u00edm a r\u00f4znym posypom sa pokra\u010dovalo aj po\u010das zimn\u00fdch mesiacov v pr\u00e1cach na rekon\u0161trukci\u00e1ch \u010di oprav\u00e1ch ciest v jednotliv\u00fdch lokalit\u00e1ch:<\/p>","protected":false},"author":3,"featured_media":2743,"comment_status":"open","ping_status":"open","sticky":false,"template":"","format":"standard","meta":{"_monsterinsights_skip_tracking":false,"_monsterinsights_sitenote_active":false,"_monsterinsights_sitenote_note":"","_monsterinsights_sitenote_category":0,"footnotes":""},"categories":[3],"tags":[],"class_list":["post-2738","post","type-post","status-publish","format-standard","has-post-thumbnail","hentry","category-aktuality"],"_links":{"self":[{"href":"https:\/\/www.spravaciest.sk\/hu\/wp-json\/wp\/v2\/posts\/2738","targetHints":{"allow":["GET"]}}],"collection":[{"href":"https:\/\/www.spravaciest.sk\/hu\/wp-json\/wp\/v2\/posts"}],"about":[{"href":"https:\/\/www.spravaciest.sk\/hu\/wp-json\/wp\/v2\/types\/post"}],"author":[{"embeddable":true,"href":"https:\/\/www.spravaciest.sk\/hu\/wp-json\/wp\/v2\/users\/3"}],"replies":[{"embeddable":true,"href":"https:\/\/www.spravaciest.sk\/hu\/wp-json\/wp\/v2\/comments?post=2738"}],"version-history":[{"count":0,"href":"https:\/\/www.spravaciest.sk\/hu\/wp-json\/wp\/v2\/posts\/2738\/revisions"}],"wp:featuredmedia":[{"embeddable":true,"href":"https:\/\/www.spravaciest.sk\/hu\/wp-json\/wp\/v2\/media\/2743"}],"wp:attachment":[{"href":"https:\/\/www.spravaciest.sk\/hu\/wp-json\/wp\/v2\/media?parent=2738"}],"wp:term":[{"taxonomy":"category","embeddable":true,"href":"https:\/\/www.spravaciest.sk\/hu\/wp-json\/wp\/v2\/categories?post=2738"},{"taxonomy":"post_tag","embeddable":true,"href":"https:\/\/www.spravaciest.sk\/hu\/wp-json\/wp\/v2\/tags?post=2738"}],"curies":[{"name":"wp","href":"https:\/\/api.w.org\/{rel}","templated":true}]}}