{"id":3165,"date":"2024-01-22T23:08:02","date_gmt":"2024-01-22T22:08:02","guid":{"rendered":"https:\/\/www.spravaciest.sk\/?p=3165"},"modified":"2024-01-23T11:41:00","modified_gmt":"2024-01-23T10:41:00","slug":"aku-naradie-a-jeho-vyhody-v-udrzbe-ciest","status":"publish","type":"post","link":"https:\/\/www.spravaciest.sk\/hu\/2024\/01\/22\/aku-naradie-a-jeho-vyhody-v-udrzbe-ciest\/","title":{"rendered":"AKU n\u00e1radie a jeho v\u00fdhody v \u00fadr\u017ebe ciest"},"content":{"rendered":"<p><span data-contrast=\"auto\">V oblasti \u00fadr\u017eby ciest a stred\u00edsk Spr\u00e1vy \u00fadr\u017eby ciest TTSK sa objavila nov\u00e1 revolu\u010dn\u00e1 met\u00f3da \u2013 pou\u017e\u00edvanie akumul\u00e1torov\u00e9ho n\u00e1radia zna\u010dky HUSQVARNA. Na prv\u00fd poh\u013ead by sa mohlo zda\u0165, \u017ee tak\u00e9to &#8222;n\u00e1radie na baterky&#8220; nie je vhodn\u00e9 na vykon\u00e1vanie n\u00e1ro\u010dn\u00fdch \u00fadr\u017ebov\u00fdch pr\u00e1c na cest\u00e1ch, ktor\u00e9 vy\u017eaduj\u00fa vysok\u00fd v\u00fdkon a efekt\u00edvnos\u0165. Opak je v\u0161ak pravdou. AKU n\u00e1radie prin\u00e1\u0161a neporovnate\u013en\u00e9 v\u00fdhody, ktor\u00e9 prev\u00fd\u0161ia va\u0161e o\u010dak\u00e1vania. V S\u00daC TTSK sme postupne vybavili na\u0161e stredisk\u00e1 AKU n\u00e1rad\u00edm zna\u010dky HUSQVARNA v \u0161tyroch etap\u00e1ch:<\/span><span data-ccp-props=\"{&quot;201341983&quot;:0,&quot;335559731&quot;:720,&quot;335559740&quot;:276}\">\u00a0<\/span><\/p>\n<ul>\n<li data-leveltext=\"\u25cf\" data-font=\"\" data-listid=\"1\" data-list-defn-props=\"{&quot;335552541&quot;:1,&quot;335559684&quot;:-2,&quot;335559685&quot;:720,&quot;335559991&quot;:360,&quot;469769242&quot;:[8226],&quot;469777803&quot;:&quot;left&quot;,&quot;469777804&quot;:&quot;\u25cf&quot;,&quot;469777815&quot;:&quot;multilevel&quot;}\" aria-setsize=\"-1\" data-aria-posinset=\"1\" data-aria-level=\"1\"><span data-contrast=\"auto\">Prv\u00e1 etapa &#8211; december 2022: vybavenie stred\u00edsk Trnava, Senica, Dunajsk\u00e1 Streda,<\/span><span data-ccp-props=\"{&quot;201341983&quot;:0,&quot;335559740&quot;:276}\">\u00a0<\/span><\/li>\n<li data-leveltext=\"\u25cf\" data-font=\"\" data-listid=\"1\" data-list-defn-props=\"{&quot;335552541&quot;:1,&quot;335559684&quot;:-2,&quot;335559685&quot;:720,&quot;335559991&quot;:360,&quot;469769242&quot;:[8226],&quot;469777803&quot;:&quot;left&quot;,&quot;469777804&quot;:&quot;\u25cf&quot;,&quot;469777815&quot;:&quot;multilevel&quot;}\" aria-setsize=\"-1\" data-aria-posinset=\"2\" data-aria-level=\"1\"><span data-contrast=\"auto\">Druh\u00e1 etapa &#8211; marec 2023: vybavenie stred\u00edsk \u010cerven\u00edk, Hol\u00ed\u010d, Ve\u013ek\u00fd Meder,<\/span><span data-ccp-props=\"{&quot;201341983&quot;:0,&quot;335559740&quot;:276}\">\u00a0<\/span><\/li>\n<li data-leveltext=\"\u25cf\" data-font=\"\" data-listid=\"1\" data-list-defn-props=\"{&quot;335552541&quot;:1,&quot;335559684&quot;:-2,&quot;335559685&quot;:720,&quot;335559991&quot;:360,&quot;469769242&quot;:[8226],&quot;469777803&quot;:&quot;left&quot;,&quot;469777804&quot;:&quot;\u25cf&quot;,&quot;469777815&quot;:&quot;multilevel&quot;}\" aria-setsize=\"-1\" data-aria-posinset=\"3\" data-aria-level=\"1\"><span data-contrast=\"auto\">Tretia etapa &#8211; j\u00fal 2023: doplnenie po\u010dtu AKU bat\u00e9ri\u00ed,<\/span><span data-ccp-props=\"{&quot;201341983&quot;:0,&quot;335559740&quot;:276}\">\u00a0<\/span><\/li>\n<li data-leveltext=\"\u25cf\" data-font=\"\" data-listid=\"1\" data-list-defn-props=\"{&quot;335552541&quot;:1,&quot;335559684&quot;:-2,&quot;335559685&quot;:720,&quot;335559991&quot;:360,&quot;469769242&quot;:[8226],&quot;469777803&quot;:&quot;left&quot;,&quot;469777804&quot;:&quot;\u25cf&quot;,&quot;469777815&quot;:&quot;multilevel&quot;}\" aria-setsize=\"-1\" data-aria-posinset=\"4\" data-aria-level=\"1\"><span data-contrast=\"auto\">\u0160tvrt\u00e1 etapa &#8211; okt\u00f3ber 2023: pr\u00edprava pre \u010fal\u0161ie 3 stredisk\u00e1.<\/span><span data-ccp-props=\"{&quot;201341983&quot;:0,&quot;335559740&quot;:276}\">\u00a0<\/span><\/li>\n<\/ul>\n<p><span data-contrast=\"auto\">Na\u0161im cie\u013eom je vybavi\u0165 v\u0161etky stredisk\u00e1 AKU n\u00e1rad\u00edm, ktor\u00e9 hr\u00e1 k\u013e\u00fa\u010dov\u00fa \u00falohu pri dokon\u010dovac\u00edch pr\u00e1cach, ako je ru\u010dn\u00e9 kosenie pod mostami, okolo smerov\u00fdch st\u013apikov, pri priepustoch a okolo dopravn\u00fdch zna\u010diek &#8211; skr\u00e1tka na miestach, kam mechanick\u00e9 kosenie nedosiahne.\u00a0<\/span><span data-ccp-props=\"{&quot;201341983&quot;:0,&quot;335559731&quot;:720,&quot;335559740&quot;:276}\">\u00a0<\/span><span data-ccp-props=\"{&quot;201341983&quot;:0,&quot;335559740&quot;:276}\">\u00a0<\/span><\/p>\n<p><b><span data-contrast=\"auto\">V\u00fdhody AKU n\u00e1radia:<\/span><\/b><span data-ccp-props=\"{&quot;201341983&quot;:0,&quot;335559740&quot;:276}\">\u00a0<\/span><\/p>\n<ul>\n<li><span data-contrast=\"auto\">ni\u017e\u0161ia hmotnos\u0165,<\/span><span data-ccp-props=\"{&quot;201341983&quot;:0,&quot;335559740&quot;:276}\">\u00a0<\/span><\/li>\n<li><span data-contrast=\"auto\">\u013eahk\u00e1 manipul\u00e1cia,<\/span><span data-ccp-props=\"{&quot;201341983&quot;:0,&quot;335559740&quot;:276}\">\u00a0<\/span><\/li>\n<li><span data-contrast=\"auto\">elimin\u00e1cia pr\u00e1zdneho behu n\u00e1radia &#8211; AKU n\u00e1radie je v pohotovostnom re\u017eime,<\/span><span data-ccp-props=\"{&quot;201341983&quot;:0,&quot;335559740&quot;:276}\">\u00a0<\/span><\/li>\n<li><span data-contrast=\"auto\">ni\u017e\u0161ia hlu\u010dnos\u0165,<\/span><span data-ccp-props=\"{&quot;201341983&quot;:0,&quot;335559740&quot;:276}\">\u00a0<\/span><\/li>\n<li><span data-contrast=\"auto\">nez\u00e1vislos\u0165 n\u00e1radia od palivov\u00fdch motorov,<\/span><span data-ccp-props=\"{&quot;201341983&quot;:0,&quot;335559740&quot;:276}\">\u00a0<\/span><\/li>\n<li><span data-contrast=\"auto\">mo\u017enos\u0165 nastavenia v\u00fdkonu vo viacer\u00fdch stup\u0148och,<\/span><span data-ccp-props=\"{&quot;201341983&quot;:0,&quot;335559740&quot;:276}\">\u00a0<\/span><\/li>\n<li><span data-contrast=\"auto\">preh\u013ead o celkov\u00fdch v\u00fdkonoch prostredn\u00edctvom fleet programu.<\/span><span data-ccp-props=\"{&quot;201341983&quot;:0,&quot;335559740&quot;:276}\">\u00a0<\/span><\/li>\n<\/ul>\n<p><span data-contrast=\"auto\">V\u00fdkon AKU n\u00e1radia sa vyrovn\u00e1 motorov\u00e9mu n\u00e1radiu a d\u00e1 sa prisp\u00f4sobi\u0165 v\u00fdmenou akumul\u00e1torov\u00fdch bat\u00e9ri\u00ed. Pre n\u00e1ro\u010dn\u00e9 podmienky pou\u017e\u00edvame 4 akumul\u00e1torov\u00e9 bat\u00e9rie, napr\u00edklad pri krovinorezoch.<\/span><span data-ccp-props=\"{&quot;201341983&quot;:0,&quot;335559731&quot;:720,&quot;335559740&quot;:276}\">\u00a0<\/span><\/p>\n<p><span data-ccp-props=\"{&quot;201341983&quot;:0,&quot;335559740&quot;:276}\"> <img decoding=\"async\" class=\"lazyload alignnone wp-image-3169\" src=\"https:\/\/www.spravaciest.sk\/wp-content\/uploads\/2024\/01\/05.09.2023-84850-500-1-225x300.jpg\" data-orig-src=\"https:\/\/www.spravaciest.sk\/wp-content\/uploads\/2024\/01\/05.09.2023-84850-500-1-225x300.jpg\" alt=\"\" width=\"322\" height=\"429\" srcset=\"data:image\/svg+xml,%3Csvg%20xmlns%3D%27http%3A%2F%2Fwww.w3.org%2F2000%2Fsvg%27%20width%3D%27322%27%20height%3D%27429%27%20viewBox%3D%270%200%20322%20429%27%3E%3Crect%20width%3D%27322%27%20height%3D%27429%27%20fill-opacity%3D%220%22%2F%3E%3C%2Fsvg%3E\" data-srcset=\"https:\/\/www.spravaciest.sk\/wp-content\/uploads\/2024\/01\/05.09.2023-84850-500-1-9x12.jpg 9w, https:\/\/www.spravaciest.sk\/wp-content\/uploads\/2024\/01\/05.09.2023-84850-500-1-200x267.jpg 200w, https:\/\/www.spravaciest.sk\/wp-content\/uploads\/2024\/01\/05.09.2023-84850-500-1-225x300.jpg 225w, https:\/\/www.spravaciest.sk\/wp-content\/uploads\/2024\/01\/05.09.2023-84850-500-1-400x533.jpg 400w, https:\/\/www.spravaciest.sk\/wp-content\/uploads\/2024\/01\/05.09.2023-84850-500-1-600x800.jpg 600w, https:\/\/www.spravaciest.sk\/wp-content\/uploads\/2024\/01\/05.09.2023-84850-500-1-768x1024.jpg 768w, https:\/\/www.spravaciest.sk\/wp-content\/uploads\/2024\/01\/05.09.2023-84850-500-1-800x1067.jpg 800w, https:\/\/www.spravaciest.sk\/wp-content\/uploads\/2024\/01\/05.09.2023-84850-500-1-1152x1536.jpg 1152w, https:\/\/www.spravaciest.sk\/wp-content\/uploads\/2024\/01\/05.09.2023-84850-500-1-1200x1600.jpg 1200w, https:\/\/www.spravaciest.sk\/wp-content\/uploads\/2024\/01\/05.09.2023-84850-500-1-1536x2048.jpg 1536w, https:\/\/www.spravaciest.sk\/wp-content\/uploads\/2024\/01\/05.09.2023-84850-500-1-scaled.jpg 1920w\" data-sizes=\"auto\" data-orig-sizes=\"(max-width: 322px) 100vw, 322px\" \/><\/span><\/p>\n<p><b><span data-contrast=\"auto\">Stanovenie po\u010dtu n\u00e1radia pre jednotliv\u00e9 stredisk\u00e1 pri prvom nastaven\u00ed:<\/span><\/b><span data-ccp-props=\"{&quot;201341983&quot;:0,&quot;335559740&quot;:276}\">\u00a0<\/span><\/p>\n<ul>\n<li><span data-contrast=\"auto\">3 kusy AKU krovinorezov, model 535iRX,<\/span><span data-ccp-props=\"{&quot;201341983&quot;:0,&quot;335559740&quot;:276}\">\u00a0<\/span><\/li>\n<li><span data-contrast=\"auto\">1 kus AKU krovinorezu, model 535iFR (<\/span><span data-contrast=\"none\">p<\/span><span data-contrast=\"auto\">re \u010dast\u00e9 vy\u017e\u00ednanie tr\u00e1vy, krovinat\u00e9ho porastu, pr\u00edpadne pre \u013eahk\u00e9 \u010distenie lesa),<\/span><span data-ccp-props=\"{&quot;201341983&quot;:0,&quot;335559740&quot;:276}\">\u00a0<\/span><\/li>\n<li><span data-contrast=\"auto\">1 kus AKU vyvetvovacej p\u00edly, model 530iP4 (so 4-metrov\u00fdm dosahom),<\/span><span data-ccp-props=\"{&quot;201341983&quot;:0,&quot;335559740&quot;:276}\">\u00a0<\/span><\/li>\n<li><span data-contrast=\"auto\">1 kus AKU re\u0165azovej p\u00edly, model 540iXP (na v\u00fdrub mal\u00fdch a stredne ve\u013ek\u00fdch stromov, kde s\u00fa potrebn\u00e9 hladk\u00e9 a \u010dist\u00e9 rezy).<\/span><span data-ccp-props=\"{&quot;201341983&quot;:0,&quot;335559740&quot;:276}\">\u00a0<\/span><\/li>\n<\/ul>\n<p><span data-contrast=\"auto\">V\u0161etko AKU n\u00e1radie je vybaven\u00e9 akumul\u00e1torov\u00fdmi bat\u00e9riami Husqvarna BLi300, ktor\u00e9 patria medzi \u0161pi\u010dku v svojej triede. Tieto bat\u00e9rie s v\u00fdkonom 270 Wh zabezpe\u010duj\u00fa dlh\u00fa prev\u00e1dzkov\u00fa dobu na jedno nabitie a s\u00fa vybaven\u00e9 4-LED indik\u00e1torom nab\u00edjania. N\u00e1radie je tie\u017e vybaven\u00e9 sledovac\u00edm zariaden\u00edm Fleet Services\u2122, ktor\u00e9 zaznamen\u00e1va v\u00fdkon, prev\u00e1dzku a pohotovostn\u00fd re\u017eim prostredn\u00edctvom aplik\u00e1cie Husqvarna Fleet Services\u2122.<\/span><span data-ccp-props=\"{&quot;201341983&quot;:0,&quot;335559731&quot;:720,&quot;335559740&quot;:276}\">\u00a0<\/span><\/p>\n<p><span data-ccp-props=\"{&quot;201341983&quot;:0,&quot;335559740&quot;:276}\"><img decoding=\"async\" class=\"lazyload alignnone wp-image-3166\" src=\"https:\/\/www.spravaciest.sk\/wp-content\/uploads\/2024\/01\/06.09.2023-84850-500-3-225x300.jpg\" data-orig-src=\"https:\/\/www.spravaciest.sk\/wp-content\/uploads\/2024\/01\/06.09.2023-84850-500-3-225x300.jpg\" alt=\"\" width=\"342\" height=\"456\" srcset=\"data:image\/svg+xml,%3Csvg%20xmlns%3D%27http%3A%2F%2Fwww.w3.org%2F2000%2Fsvg%27%20width%3D%27342%27%20height%3D%27456%27%20viewBox%3D%270%200%20342%20456%27%3E%3Crect%20width%3D%27342%27%20height%3D%27456%27%20fill-opacity%3D%220%22%2F%3E%3C%2Fsvg%3E\" data-srcset=\"https:\/\/www.spravaciest.sk\/wp-content\/uploads\/2024\/01\/06.09.2023-84850-500-3-9x12.jpg 9w, https:\/\/www.spravaciest.sk\/wp-content\/uploads\/2024\/01\/06.09.2023-84850-500-3-200x267.jpg 200w, https:\/\/www.spravaciest.sk\/wp-content\/uploads\/2024\/01\/06.09.2023-84850-500-3-225x300.jpg 225w, https:\/\/www.spravaciest.sk\/wp-content\/uploads\/2024\/01\/06.09.2023-84850-500-3-400x533.jpg 400w, https:\/\/www.spravaciest.sk\/wp-content\/uploads\/2024\/01\/06.09.2023-84850-500-3-600x800.jpg 600w, https:\/\/www.spravaciest.sk\/wp-content\/uploads\/2024\/01\/06.09.2023-84850-500-3-768x1024.jpg 768w, https:\/\/www.spravaciest.sk\/wp-content\/uploads\/2024\/01\/06.09.2023-84850-500-3-800x1067.jpg 800w, https:\/\/www.spravaciest.sk\/wp-content\/uploads\/2024\/01\/06.09.2023-84850-500-3-1152x1536.jpg 1152w, https:\/\/www.spravaciest.sk\/wp-content\/uploads\/2024\/01\/06.09.2023-84850-500-3-1200x1600.jpg 1200w, https:\/\/www.spravaciest.sk\/wp-content\/uploads\/2024\/01\/06.09.2023-84850-500-3-1536x2048.jpg 1536w, https:\/\/www.spravaciest.sk\/wp-content\/uploads\/2024\/01\/06.09.2023-84850-500-3-scaled.jpg 1920w\" data-sizes=\"auto\" data-orig-sizes=\"(max-width: 342px) 100vw, 342px\" \/><\/span><\/p>\n<p><b><span data-contrast=\"auto\">Optimaliz\u00e1cia s\u00fa\u010dasn\u00e9ho motorov\u00e9ho n\u00e1radia<\/span><\/b><span data-ccp-props=\"{&quot;201341983&quot;:0,&quot;335559740&quot;:276}\">\u00a0<\/span><\/p>\n<p><span data-contrast=\"auto\">S\u00fa\u010dasne s vybaven\u00edm stred\u00edsk AKU n\u00e1rad\u00edm prebehla aj optimaliz\u00e1cia existuj\u00faceho motorov\u00e9ho n\u00e1radia. Po d\u00f4kladnom zhodnoten\u00ed jednotliv\u00fdmi majstrami stred\u00edsk a technick\u00fdm oddelen\u00edm zostal na ka\u017edom stredisku len potrebn\u00fd po\u010det n\u00e1radia, aby zabezpe\u010dil bezprobl\u00e9mov\u00fd chod strediska a vykon\u00e1vanie pr\u00e1c s n\u00edm spojen\u00fdch.\u00a0<\/span><span data-ccp-props=\"{&quot;201341983&quot;:0,&quot;335559731&quot;:720,&quot;335559740&quot;:276}\">\u00a0<\/span><\/p>\n<p><span data-contrast=\"auto\">Celkov\u00e1 spotreba paliva motorov\u00e9ho n\u00e1radia sa po zaveden\u00ed AKU n\u00e1radia markantne zn\u00ed\u017eila. Porovnanie spotreby paliva v obdob\u00ed janu\u00e1r a\u017e september 2022 (pred AKU n\u00e1rad\u00edm) a v rovnakom obdob\u00ed v roku 2023 (po zaveden\u00ed AKU n\u00e1radia) ukazuje, \u017ee spotreba sa zn\u00ed\u017eila o 55 %. Tento fakt jasne dokazuje efekt\u00edvnos\u0165 a opodstatnenos\u0165 vyu\u017eitia AKU n\u00e1radia v \u00fadr\u017ebe ciest TTSK.<\/span><span data-ccp-props=\"{&quot;201341983&quot;:0,&quot;335559731&quot;:720,&quot;335559740&quot;:276}\">\u00a0<\/span><\/p>\n<p><span data-contrast=\"auto\">Pred nami je aj 5. etapa, ktor\u00e1 zabezpe\u010d\u00ed vybavenie v\u0161etk\u00fdch stred\u00edsk AKU n\u00e1rad\u00edm a optimaliz\u00e1ciu existuj\u00faceho n\u00e1radia. Cie\u013eom je zabezpe\u010di\u0165, aby na stredisk\u00e1ch bolo pr\u00e1ve to\u013eko n\u00e1radia, ko\u013eko je potrebn\u00e9. Pou\u017e\u00edvanie AKU n\u00e1radia z\u00edskalo n\u00e1skok a st\u00e1va sa na\u0161ou prioritou.\u00a0<\/span><\/p>\n<p style=\"text-align: right;\"><span data-ccp-props=\"{&quot;201341983&quot;:0,&quot;335559740&quot;:276}\">\u00a0<\/span><span style=\"font-size: 10pt;\"><i>J\u00e1n Samuhel, n\u00e1mestn\u00edk technick\u00e9ho \u00faseku<\/i>\u00a0<\/span><\/p>\n","protected":false},"excerpt":{"rendered":"<p>V oblasti \u00fadr\u017eby ciest a stred\u00edsk Spr\u00e1vy \u00fadr\u017eby ciest TTSK sa objavila nov\u00e1 revolu\u010dn\u00e1 met\u00f3da \u2013 pou\u017e\u00edvanie akumul\u00e1torov\u00e9ho n\u00e1radia zna\u010dky HUSQVARNA. Na prv\u00fd poh\u013ead by sa mohlo zda\u0165, \u017ee tak\u00e9to &#8222;n\u00e1radie na baterky&#8220; nie je vhodn\u00e9 na vykon\u00e1vanie n\u00e1ro\u010dn\u00fdch \u00fadr\u017ebov\u00fdch pr\u00e1c na cest\u00e1ch, ktor\u00e9 vy\u017eaduj\u00fa vysok\u00fd v\u00fdkon a efekt\u00edvnos\u0165. Opak je v\u0161ak pravdou. AKU n\u00e1radie prin\u00e1\u0161a neporovnate\u013en\u00e9 v\u00fdhody, ktor\u00e9 prev\u00fd\u0161ia va\u0161e o\u010dak\u00e1vania. V S\u00daC TTSK sme postupne vybavili na\u0161e stredisk\u00e1 AKU n\u00e1rad\u00edm zna\u010dky HUSQVARNA v \u0161tyroch etap\u00e1ch:\u00a0 Prv\u00e1 etapa &#8211;   [&#8230;]<\/p>\n","protected":false},"author":3,"featured_media":3167,"comment_status":"open","ping_status":"open","sticky":false,"template":"","format":"standard","meta":{"_monsterinsights_skip_tracking":false,"_monsterinsights_sitenote_active":false,"_monsterinsights_sitenote_note":"","_monsterinsights_sitenote_category":0,"footnotes":""},"categories":[28],"tags":[102,103,104,107,105,106,68,88,108],"class_list":["post-3165","post","type-post","status-publish","format-standard","has-post-thumbnail","hentry","category-eko","tag-aku","tag-aku-naradie","tag-baterky","tag-efektivne","tag-ekologicke","tag-ekologicke-naradie","tag-suc-ttsk","tag-ttsk","tag-zelene-riesenie"],"_links":{"self":[{"href":"https:\/\/www.spravaciest.sk\/hu\/wp-json\/wp\/v2\/posts\/3165","targetHints":{"allow":["GET"]}}],"collection":[{"href":"https:\/\/www.spravaciest.sk\/hu\/wp-json\/wp\/v2\/posts"}],"about":[{"href":"https:\/\/www.spravaciest.sk\/hu\/wp-json\/wp\/v2\/types\/post"}],"author":[{"embeddable":true,"href":"https:\/\/www.spravaciest.sk\/hu\/wp-json\/wp\/v2\/users\/3"}],"replies":[{"embeddable":true,"href":"https:\/\/www.spravaciest.sk\/hu\/wp-json\/wp\/v2\/comments?post=3165"}],"version-history":[{"count":5,"href":"https:\/\/www.spravaciest.sk\/hu\/wp-json\/wp\/v2\/posts\/3165\/revisions"}],"predecessor-version":[{"id":3185,"href":"https:\/\/www.spravaciest.sk\/hu\/wp-json\/wp\/v2\/posts\/3165\/revisions\/3185"}],"wp:featuredmedia":[{"embeddable":true,"href":"https:\/\/www.spravaciest.sk\/hu\/wp-json\/wp\/v2\/media\/3167"}],"wp:attachment":[{"href":"https:\/\/www.spravaciest.sk\/hu\/wp-json\/wp\/v2\/media?parent=3165"}],"wp:term":[{"taxonomy":"category","embeddable":true,"href":"https:\/\/www.spravaciest.sk\/hu\/wp-json\/wp\/v2\/categories?post=3165"},{"taxonomy":"post_tag","embeddable":true,"href":"https:\/\/www.spravaciest.sk\/hu\/wp-json\/wp\/v2\/tags?post=3165"}],"curies":[{"name":"wp","href":"https:\/\/api.w.org\/{rel}","templated":true}]}}