{"id":4059,"date":"2026-09-01T10:00:36","date_gmt":"2026-09-01T08:00:36","guid":{"rendered":"https:\/\/www.spravaciest.sk\/?p=4059"},"modified":"2026-09-01T10:00:45","modified_gmt":"2026-09-01T08:00:45","slug":"rekonstrukcia-cesty-iii-1428-medzi-dolnym-stalom-a-okocom-sa-zacina-2-septembra","status":"publish","type":"post","link":"https:\/\/www.spravaciest.sk\/hu\/2026\/09\/01\/rekonstrukcia-cesty-iii-1428-medzi-dolnym-stalom-a-okocom-sa-zacina-2-septembra\/","title":{"rendered":"Rekon\u0161trukcia cesty III\/1428 medzi Doln\u00fdm \u0160t\u00e1lom a Oko\u010dom sa za\u010d\u00edna 2. septembra"},"content":{"rendered":"<p dir=\"ltr\"><span style=\"font-size: 18px;\">Spr\u00e1va a \u00fadr\u017eba ciest Trnavsk\u00e9ho samospr\u00e1vneho kraja za\u010d\u00edna v stredu 2. septembra 2026 s rekon\u0161trukciou cesty III\/1428 v \u00faseku medzi obcami Doln\u00fd \u0160t\u00e1l a Oko\u010d. Pr\u00e1ce potrvaj\u00fa do 13. okt\u00f3bra 2026 a bud\u00fa prebieha\u0165 za \u00faplnej uz\u00e1vierky cesty.<\/span><\/p>\n<p dir=\"ltr\"><span style=\"font-size: 18px;\"><strong>Kde presne sa bude pracova\u0165<\/strong><\/span><\/p>\n<p dir=\"ltr\"><span style=\"font-size: 18px;\">Rekon\u0161truovan\u00fd \u00fasek meria 1 358 metrov a nach\u00e1dza sa v extravil\u00e1ne. Za\u010d\u00edna na rozhran\u00ed predch\u00e1dzaj\u00facej rekon\u0161trukcie medzi Oko\u010dom a Doln\u00fdm \u0160t\u00e1lom a kon\u010d\u00ed pribli\u017ene 120 metrov za kri\u017eovatkou s miestnou cestou do J\u00e1no\u0161\u00edkova na Ostrove. Ide teda o priame nadviazanie na u\u017e opraven\u00fd \u00fasek \u2014 cie\u013eom je s\u00favisl\u00e1, jednotne opraven\u00e1 trasa.<\/span><\/p>\n<p dir=\"ltr\"><span style=\"font-size: 18px;\"><strong>\u010co sa bude robi\u0165<\/strong><\/span><\/p>\n<p dir=\"ltr\"><span style=\"font-size: 18px;\">Z vozovky sa odfr\u00e9zuje krytov\u00e1 vrstva v hr\u00fabke 120 mm. Nahrad\u00ed ju 70 mm lo\u017enej a 50 mm obrusnej vrstvy. V \u010dastiach, kde je po\u0161koden\u00e9 aj podlo\u017eie, sa vyb\u00fara a obnov\u00ed podkladn\u00e1 vrstva.<\/span><\/p>\n<p dir=\"ltr\"><span style=\"font-size: 18px;\">Rekon\u0161trukcia sa v\u0161ak net\u00fdka len samotn\u00e9ho asfaltu. Vy\u010distia a sanuj\u00fa sa priepusty na celej trase, opravia, dosyp\u00fa a zhutnia sa krajnice a vy\u010distia priekopy. Odvodnenie je pritom to, \u010do najviac rozhoduje o \u017eivotnosti cesty \u2014 voda, ktor\u00e1 nem\u00e1 kam odtiec\u0165, po\u0161kod\u00ed nov\u00fa vozovku r\u00fdchlej\u0161ie ne\u017e \u010doko\u013evek in\u00e9.<\/span><\/p>\n<p dir=\"ltr\"><span style=\"font-size: 18px;\">Vymenen\u00e9 bud\u00fa aj smerov\u00e9 st\u013apiky. Nov\u00e9 bud\u00fa vybaven\u00e9 odrazkami na pla\u0161enie zveri a v\u00fdsuvn\u00fdm snehov\u00fdm kolom, ktor\u00e9 zost\u00e1va vidite\u013en\u00e9 aj pri snehovej pokr\u00fdvke.<\/span><\/p>\n<p dir=\"ltr\"><span style=\"font-size: 18px;\"><strong>Doprava po\u010das pr\u00e1c<\/strong><\/span><\/p>\n<p dir=\"ltr\"><span style=\"font-size: 18px;\">Cesta III\/1428 bude uzavret\u00e1 \u00faplne. Uz\u00e1vierka sa zavedie v stredu 2. septembra medzi 8.00 a 11.00 hodinou.<\/span><\/p>\n<p dir=\"ltr\"><span style=\"font-size: 18px;\">Prejazd zostane umo\u017enen\u00fd vozidl\u00e1m z\u00e1chrann\u00fdch zlo\u017eiek a autobusov\u00fdm link\u00e1m hromadnej dopravy.<\/span><\/p>\n<p dir=\"ltr\"><span style=\"font-size: 18px;\">Obch\u00e1dzkov\u00e1 trasa pre ostatn\u00fa dopravu je veden\u00e1:<\/span><\/p>\n<ul dir=\"ltr\">\n<li><span style=\"font-size: 18px;\">medzi obcami <strong>Doln\u00fd \u0160t\u00e1l a Topo\u013en\u00edky<\/strong> po ceste II\/211<\/span><\/li>\n<li><span style=\"font-size: 18px;\">medzi obcami <strong>Oko\u010d a Topo\u013en\u00edky<\/strong> po ceste II\/561<\/span><\/li>\n<\/ul>\n<p dir=\"ltr\"><span style=\"font-size: 18px;\"><strong>Zhotovite\u013e a cena<\/strong><\/span><\/p>\n<p dir=\"ltr\"><span style=\"font-size: 18px;\">Pr\u00e1ce realizuje spolo\u010dnos\u0165 Doprastav, a. s. Cena diela pod\u013ea zmluvy je 406 805,87 eura vr\u00e1tane DPH.<\/span><\/p>","protected":false},"excerpt":{"rendered":"<p>Spr\u00e1va a \u00fadr\u017eba ciest Trnavsk\u00e9ho samospr\u00e1vneho kraja za\u010d\u00edna v stredu 2. septembra 2026 s rekon\u0161trukciou cesty III\/1428 v \u00faseku medzi obcami Doln\u00fd \u0160t\u00e1l a Oko\u010d. Pr\u00e1ce potrvaj\u00fa do 13. okt\u00f3bra 2026 a bud\u00fa prebieha\u0165 za \u00faplnej uz\u00e1vierky cesty. Kde presne sa bude pracova\u0165 Rekon\u0161truovan\u00fd \u00fasek meria 1 358 metrov a nach\u00e1dza sa v extravil\u00e1ne. Za\u010d\u00edna na rozhran\u00ed predch\u00e1dzaj\u00facej rekon\u0161trukcie medzi Oko\u010dom a Doln\u00fdm \u0160t\u00e1lom a kon\u010d\u00ed pribli\u017ene 120 metrov za kri\u017eovatkou s miestnou cestou do J\u00e1no\u0161\u00edkova na Ostrove. Ide teda   [&#8230;]<\/p>\n","protected":false},"author":3,"featured_media":4060,"comment_status":"closed","ping_status":"closed","sticky":false,"template":"","format":"standard","meta":{"_monsterinsights_skip_tracking":false,"footnotes":""},"categories":[3,4],"tags":[],"class_list":["post-4059","post","type-post","status-publish","format-standard","has-post-thumbnail","hentry","category-aktuality","category-dopravne-obmedzenia"],"_links":{"self":[{"href":"https:\/\/www.spravaciest.sk\/hu\/wp-json\/wp\/v2\/posts\/4059","targetHints":{"allow":["GET"]}}],"collection":[{"href":"https:\/\/www.spravaciest.sk\/hu\/wp-json\/wp\/v2\/posts"}],"about":[{"href":"https:\/\/www.spravaciest.sk\/hu\/wp-json\/wp\/v2\/types\/post"}],"author":[{"embeddable":true,"href":"https:\/\/www.spravaciest.sk\/hu\/wp-json\/wp\/v2\/users\/3"}],"replies":[{"embeddable":true,"href":"https:\/\/www.spravaciest.sk\/hu\/wp-json\/wp\/v2\/comments?post=4059"}],"version-history":[{"count":2,"href":"https:\/\/www.spravaciest.sk\/hu\/wp-json\/wp\/v2\/posts\/4059\/revisions"}],"predecessor-version":[{"id":4062,"href":"https:\/\/www.spravaciest.sk\/hu\/wp-json\/wp\/v2\/posts\/4059\/revisions\/4062"}],"wp:featuredmedia":[{"embeddable":true,"href":"https:\/\/www.spravaciest.sk\/hu\/wp-json\/wp\/v2\/media\/4060"}],"wp:attachment":[{"href":"https:\/\/www.spravaciest.sk\/hu\/wp-json\/wp\/v2\/media?parent=4059"}],"wp:term":[{"taxonomy":"category","embeddable":true,"href":"https:\/\/www.spravaciest.sk\/hu\/wp-json\/wp\/v2\/categories?post=4059"},{"taxonomy":"post_tag","embeddable":true,"href":"https:\/\/www.spravaciest.sk\/hu\/wp-json\/wp\/v2\/tags?post=4059"}],"curies":[{"name":"wp","href":"https:\/\/api.w.org\/{rel}","templated":true}]}}