{"id":4063,"date":"2026-09-03T11:26:35","date_gmt":"2026-09-03T09:26:35","guid":{"rendered":"https:\/\/www.spravaciest.sk\/?p=4063"},"modified":"2026-09-01T11:35:39","modified_gmt":"2026-09-01T09:35:39","slug":"most-v-kralovom-brode-bude-v-noci-z-12-na-13-septembra-kratkodobo-uzavrety","status":"publish","type":"post","link":"https:\/\/www.spravaciest.sk\/hu\/2026\/09\/03\/most-v-kralovom-brode-bude-v-noci-z-12-na-13-septembra-kratkodobo-uzavrety\/","title":{"rendered":"Most v Kr\u00e1\u013eovom Brode bude v noci z 12. na 13. septembra kr\u00e1tkodobo uzavret\u00fd"},"content":{"rendered":"<p dir=\"ltr\"><span style=\"font-size: 18px;\">Na moste M999 na ceste II\/561 v obci Kr\u00e1\u013eov Brod, kde prebieha rekon\u0161trukcia, d\u00f4jde k jednorazovej no\u010dnej uz\u00e1vierke. Most bude uzavret\u00fd <strong>v sobotu 12. septembra 2026 od 20.30 h do nedele 13. septembra do 6.00 h<\/strong>.<\/span><\/p>\n<p dir=\"ltr\"><img decoding=\"async\" class=\"lazyload alignnone wp-image-4064 size-full\" src=\"https:\/\/www.spravaciest.sk\/wp-content\/uploads\/2026\/09\/mapa-uzavierka-most-kralov-brod-12-9-2026.jpg\" data-orig-src=\"https:\/\/www.spravaciest.sk\/wp-content\/uploads\/2026\/09\/mapa-uzavierka-most-kralov-brod-12-9-2026.jpg\" alt=\"Mapa uz\u00e1vierky mosta v Kr\u00e1\u013eovom Brode s vyzna\u010den\u00fdmi miestami odklonu dopravy na kri\u017eovatke pri kostole a na kri\u017eovatke Slovensk\u00e9 Pole\" width=\"1702\" height=\"741\" srcset=\"data:image\/svg+xml,%3Csvg%20xmlns%3D%27http%3A%2F%2Fwww.w3.org%2F2000%2Fsvg%27%20width%3D%271702%27%20height%3D%27741%27%20viewBox%3D%270%200%201702%20741%27%3E%3Crect%20width%3D%271702%27%20height%3D%27741%27%20fill-opacity%3D%220%22%2F%3E%3C%2Fsvg%3E\" data-srcset=\"https:\/\/www.spravaciest.sk\/wp-content\/uploads\/2026\/09\/mapa-uzavierka-most-kralov-brod-12-9-2026-18x8.jpg 18w, https:\/\/www.spravaciest.sk\/wp-content\/uploads\/2026\/09\/mapa-uzavierka-most-kralov-brod-12-9-2026-200x87.jpg 200w, https:\/\/www.spravaciest.sk\/wp-content\/uploads\/2026\/09\/mapa-uzavierka-most-kralov-brod-12-9-2026-300x131.jpg 300w, https:\/\/www.spravaciest.sk\/wp-content\/uploads\/2026\/09\/mapa-uzavierka-most-kralov-brod-12-9-2026-400x174.jpg 400w, https:\/\/www.spravaciest.sk\/wp-content\/uploads\/2026\/09\/mapa-uzavierka-most-kralov-brod-12-9-2026-600x261.jpg 600w, https:\/\/www.spravaciest.sk\/wp-content\/uploads\/2026\/09\/mapa-uzavierka-most-kralov-brod-12-9-2026-768x334.jpg 768w, https:\/\/www.spravaciest.sk\/wp-content\/uploads\/2026\/09\/mapa-uzavierka-most-kralov-brod-12-9-2026-800x348.jpg 800w, https:\/\/www.spravaciest.sk\/wp-content\/uploads\/2026\/09\/mapa-uzavierka-most-kralov-brod-12-9-2026-1024x446.jpg 1024w, https:\/\/www.spravaciest.sk\/wp-content\/uploads\/2026\/09\/mapa-uzavierka-most-kralov-brod-12-9-2026-1200x522.jpg 1200w, https:\/\/www.spravaciest.sk\/wp-content\/uploads\/2026\/09\/mapa-uzavierka-most-kralov-brod-12-9-2026-1536x669.jpg 1536w, https:\/\/www.spravaciest.sk\/wp-content\/uploads\/2026\/09\/mapa-uzavierka-most-kralov-brod-12-9-2026.jpg 1702w\" data-sizes=\"auto\" data-orig-sizes=\"(max-width: 1702px) 100vw, 1702px\" \/><\/p>\n<p dir=\"ltr\"><span style=\"font-size: 18px;\"><strong>Pre\u010do je uz\u00e1vierka potrebn\u00e1<\/strong><\/span><\/p>\n<p dir=\"ltr\"><span style=\"font-size: 18px;\">V druhej etape v\u00fdstavby sa na most ukladaj\u00fa prefabrikovan\u00e9 mostn\u00e9 nosn\u00edky. Na manipul\u00e1ciu s nimi s\u00fa potrebn\u00e9 \u017eeriavy s nosnos\u0165ou 130 ton, ktor\u00e9 po\u010das pr\u00e1c zaber\u00fa cel\u00fa \u0161\u00edrku vozovky. Prejazd preto nie je mo\u017en\u00e9 zabezpe\u010di\u0165 ani v jednom jazdnom pruhu.<\/span><\/p>\n<p dir=\"ltr\"><span style=\"font-size: 18px;\">Term\u00edn bol zvolen\u00fd tak, aby z\u00e1sah do dopravy bol \u010do najmen\u0161\u00ed \u2014 pr\u00e1ce prebehn\u00fa v noci zo soboty na nede\u013eu, teda v \u010dase najslab\u0161ej prem\u00e1vky. Uz\u00e1vierka bola prerokovan\u00e1 s Pol\u00edciou SR, spr\u00e1vcom cesty aj cestn\u00fdm spr\u00e1vnym org\u00e1nom.<\/span><\/p>\n<p dir=\"ltr\"><span style=\"font-size: 18px;\"><strong>Dopravn\u00e9 obmedzenia<\/strong><\/span><\/p>\n<p dir=\"ltr\"><span style=\"font-size: 18px;\">Doprava bude odklonen\u00e1 na dvoch miestach:<\/span><\/p>\n<ul dir=\"ltr\">\n<li><span style=\"font-size: 18px;\">v smere <strong>od Trst\u00edc<\/strong> na kri\u017eovatke Slovensk\u00e9 Pole<\/span><\/li>\n<li><span style=\"font-size: 18px;\">v smere <strong>od Galanty<\/strong> na kri\u017eovatke pri kostole v obci Kr\u00e1\u013eov Brod<\/span><\/li>\n<\/ul>\n<p dir=\"ltr\"><span style=\"font-size: 18px;\">Na oboch kri\u017eovatk\u00e1ch bud\u00fa osaden\u00e9 v\u00fdstra\u017en\u00e9 svetl\u00e1. Riadenie a korigovanie dopravy zabezpe\u010dia zamestnanci zhotovite\u013ea, v pr\u00edpade potreby aj Pol\u00edcia SR.<\/span><\/p>\n<p dir=\"ltr\"><span style=\"font-size: 18px;\">Informa\u010dn\u00e9 tabule s ozna\u010den\u00edm \u201eMost v Kr\u00e1\u013eovom Brode uzavret\u00fd&#8220; bud\u00fa umiestnen\u00e9 pod\u013ea pokynov Pol\u00edcie SR \u2014 na kri\u017eovatke Slovensk\u00e9 Pole a na kri\u017eovatke Diakovce \u2013 Horn\u00e9 Saliby.<\/span><\/p>\n<p dir=\"ltr\"><span style=\"font-size: 18px;\"><strong>Kontext rekon\u0161trukcie<\/strong><\/span><\/p>\n<p dir=\"ltr\"><span style=\"font-size: 18px;\">Rekon\u0161trukcia mosta M999 cez \u010ciernu Vodu prebieha po etap\u00e1ch. Prv\u00e1 polovica mosta je u\u017e postaven\u00e1 a sl\u00fa\u017ei prem\u00e1vke, za\u010diatkom augusta sa za\u010dalo s b\u00faran\u00edm p\u00f4vodnej druhej \u010dasti. Ukladanie nosn\u00edkov je jedn\u00fdm z k\u013e\u00fa\u010dov\u00fdch momentov celej stavby \u2014 po \u0148om bude most pripraven\u00fd na beton\u00e1\u017e mostovky.<\/span><\/p>\n<p dir=\"ltr\"><img decoding=\"async\" class=\"lazyload alignleft wp-image-4065 size-full\" src=\"https:\/\/www.spravaciest.sk\/wp-content\/uploads\/2026\/09\/most-m999-kralov-brod-debnenie-opory-rekonstrukcia.jpg\" data-orig-src=\"https:\/\/www.spravaciest.sk\/wp-content\/uploads\/2026\/09\/most-m999-kralov-brod-debnenie-opory-rekonstrukcia.jpg\" alt=\"Debnenie opory mosta M999 v Kr\u00e1\u013eovom Brode, vpravo prem\u00e1vka na u\u017e dokon\u010denej polovici mosta\" width=\"800\" height=\"450\" srcset=\"data:image\/svg+xml,%3Csvg%20xmlns%3D%27http%3A%2F%2Fwww.w3.org%2F2000%2Fsvg%27%20width%3D%27800%27%20height%3D%27450%27%20viewBox%3D%270%200%20800%20450%27%3E%3Crect%20width%3D%27800%27%20height%3D%27450%27%20fill-opacity%3D%220%22%2F%3E%3C%2Fsvg%3E\" data-srcset=\"https:\/\/www.spravaciest.sk\/wp-content\/uploads\/2026\/09\/most-m999-kralov-brod-debnenie-opory-rekonstrukcia-18x10.jpg 18w, https:\/\/www.spravaciest.sk\/wp-content\/uploads\/2026\/09\/most-m999-kralov-brod-debnenie-opory-rekonstrukcia-200x113.jpg 200w, https:\/\/www.spravaciest.sk\/wp-content\/uploads\/2026\/09\/most-m999-kralov-brod-debnenie-opory-rekonstrukcia-300x169.jpg 300w, https:\/\/www.spravaciest.sk\/wp-content\/uploads\/2026\/09\/most-m999-kralov-brod-debnenie-opory-rekonstrukcia-400x225.jpg 400w, https:\/\/www.spravaciest.sk\/wp-content\/uploads\/2026\/09\/most-m999-kralov-brod-debnenie-opory-rekonstrukcia-600x338.jpg 600w, https:\/\/www.spravaciest.sk\/wp-content\/uploads\/2026\/09\/most-m999-kralov-brod-debnenie-opory-rekonstrukcia-768x432.jpg 768w, https:\/\/www.spravaciest.sk\/wp-content\/uploads\/2026\/09\/most-m999-kralov-brod-debnenie-opory-rekonstrukcia.jpg 800w\" data-sizes=\"auto\" data-orig-sizes=\"(max-width: 800px) 100vw, 800px\" \/><\/p>","protected":false},"excerpt":{"rendered":"<p>Na moste M999 na ceste II\/561 v obci Kr\u00e1\u013eov Brod, kde prebieha rekon\u0161trukcia, d\u00f4jde k jednorazovej no\u010dnej uz\u00e1vierke. Most bude uzavret\u00fd v sobotu 12. septembra 2026 od 20.30 h do nedele 13. septembra do 6.00 h. Pre\u010do je uz\u00e1vierka potrebn\u00e1 V druhej etape v\u00fdstavby sa na most ukladaj\u00fa prefabrikovan\u00e9 mostn\u00e9 nosn\u00edky. Na manipul\u00e1ciu s nimi s\u00fa potrebn\u00e9 \u017eeriavy s nosnos\u0165ou 130 ton, ktor\u00e9 po\u010das pr\u00e1c zaber\u00fa cel\u00fa \u0161\u00edrku vozovky. Prejazd preto nie je mo\u017en\u00e9 zabezpe\u010di\u0165 ani v jednom jazdnom pruhu.   [&#8230;]<\/p>\n","protected":false},"author":3,"featured_media":4066,"comment_status":"closed","ping_status":"closed","sticky":false,"template":"","format":"standard","meta":{"_monsterinsights_skip_tracking":false,"footnotes":""},"categories":[3,4],"tags":[],"class_list":["post-4063","post","type-post","status-publish","format-standard","has-post-thumbnail","hentry","category-aktuality","category-dopravne-obmedzenia"],"_links":{"self":[{"href":"https:\/\/www.spravaciest.sk\/hu\/wp-json\/wp\/v2\/posts\/4063","targetHints":{"allow":["GET"]}}],"collection":[{"href":"https:\/\/www.spravaciest.sk\/hu\/wp-json\/wp\/v2\/posts"}],"about":[{"href":"https:\/\/www.spravaciest.sk\/hu\/wp-json\/wp\/v2\/types\/post"}],"author":[{"embeddable":true,"href":"https:\/\/www.spravaciest.sk\/hu\/wp-json\/wp\/v2\/users\/3"}],"replies":[{"embeddable":true,"href":"https:\/\/www.spravaciest.sk\/hu\/wp-json\/wp\/v2\/comments?post=4063"}],"version-history":[{"count":1,"href":"https:\/\/www.spravaciest.sk\/hu\/wp-json\/wp\/v2\/posts\/4063\/revisions"}],"predecessor-version":[{"id":4067,"href":"https:\/\/www.spravaciest.sk\/hu\/wp-json\/wp\/v2\/posts\/4063\/revisions\/4067"}],"wp:featuredmedia":[{"embeddable":true,"href":"https:\/\/www.spravaciest.sk\/hu\/wp-json\/wp\/v2\/media\/4066"}],"wp:attachment":[{"href":"https:\/\/www.spravaciest.sk\/hu\/wp-json\/wp\/v2\/media?parent=4063"}],"wp:term":[{"taxonomy":"category","embeddable":true,"href":"https:\/\/www.spravaciest.sk\/hu\/wp-json\/wp\/v2\/categories?post=4063"},{"taxonomy":"post_tag","embeddable":true,"href":"https:\/\/www.spravaciest.sk\/hu\/wp-json\/wp\/v2\/tags?post=4063"}],"curies":[{"name":"wp","href":"https:\/\/api.w.org\/{rel}","templated":true}]}}