{"id":606,"date":"2020-03-08T20:51:21","date_gmt":"2020-03-08T19:51:21","guid":{"rendered":"https:\/\/www.ferancik.sk\/?p=606"},"modified":"2020-03-15T20:30:11","modified_gmt":"2020-03-15T19:30:11","slug":"uplna-uzavierka-casti-cesty-v-obci-holice","status":"publish","type":"post","link":"https:\/\/www.spravaciest.sk\/hu\/2020\/03\/08\/uplna-uzavierka-casti-cesty-v-obci-holice\/","title":{"rendered":"\u00dapln\u00e1 uz\u00e1vierka \u010dasti cesty v obci Holice"},"content":{"rendered":"<p><b>Miesto uz\u00e1vierky cesty:\u00a0<\/b>cesta III\/1385 od km 0,000 po km 0,060 v k. \u00fa. Kostoln\u00e1 Gala obce Holice cesta III\/1389 od km 0,000 po km 0,600 v k. \u00fa. Kostoln\u00e1 Gala obce Holice<\/p>\n<p><b><span lang=\"CS\">D\u00f4vod uz\u00e1vierky:\u00a0<\/span><\/b>na cest\u00e1ch III\/1385 a III\/1389 z d\u00f4vodu uskuto\u010dnenia stavby \u201eRealiz\u00e1cia okru\u017enej kri\u017eovatky na ceste I\/63 &#8211; III. etapa\u201c<\/p>\n<p><b>Term\u00edn uz\u00e1vierky:\u00a0<\/b>od 07.01.2020 do 31.03.2020<\/p>\n<p><b>Navrhovan\u00e1 obch\u00e1dzka:<\/b><br \/>\ncesta III\/1385: miestna komunik\u00e1cia \u2013 cesta I\/63<br \/>\ncesta III\/1389: miestna komunik\u00e1cia medzi cestami III\/1389 a III\/1390 \u2013 cesta III\/1390<\/p>\n<p><b>Obch\u00e1dzkov\u00e1 trasa bude vyzna\u010den\u00e1 prenosn\u00fdm dopravn\u00fdm zna\u010den\u00edm.<\/b><\/p>","protected":false},"excerpt":{"rendered":"<p>Miesto uz\u00e1vierky cesty:\u00a0cesta III\/1385 od km 0,000 po km 0,060 v k. \u00fa. Kostoln\u00e1 Gala obce Holice cesta III\/1389 od km 0,000 po km 0,600 v k. \u00fa. Kostoln\u00e1 Gala obce Holice D\u00f4vod uz\u00e1vierky:\u00a0na cest\u00e1ch III\/1385 a III\/1389 z d\u00f4vodu uskuto\u010dnenia stavby \u201eRealiz\u00e1cia okru\u017enej kri\u017eovatky na ceste I\/63 &#8211; III. etapa\u201c Term\u00edn uz\u00e1vierky:\u00a0od 07.01.2020 do 31.03.2020 Navrhovan\u00e1 obch\u00e1dzka: cesta III\/1385: miestna komunik\u00e1cia \u2013 cesta I\/63 cesta III\/1389: miestna komunik\u00e1cia medzi cestami III\/1389 a III\/1390 \u2013 cesta III\/1390 Obch\u00e1dzkov\u00e1 trasa bude   [&#8230;]<\/p>\n","protected":false},"author":1,"featured_media":719,"comment_status":"closed","ping_status":"closed","sticky":false,"template":"","format":"standard","meta":{"_monsterinsights_skip_tracking":false,"_monsterinsights_sitenote_active":false,"_monsterinsights_sitenote_note":"","_monsterinsights_sitenote_category":0,"footnotes":""},"categories":[4],"tags":[],"class_list":["post-606","post","type-post","status-publish","format-standard","has-post-thumbnail","hentry","category-dopravne-obmedzenia"],"_links":{"self":[{"href":"https:\/\/www.spravaciest.sk\/hu\/wp-json\/wp\/v2\/posts\/606","targetHints":{"allow":["GET"]}}],"collection":[{"href":"https:\/\/www.spravaciest.sk\/hu\/wp-json\/wp\/v2\/posts"}],"about":[{"href":"https:\/\/www.spravaciest.sk\/hu\/wp-json\/wp\/v2\/types\/post"}],"author":[{"embeddable":true,"href":"https:\/\/www.spravaciest.sk\/hu\/wp-json\/wp\/v2\/users\/1"}],"replies":[{"embeddable":true,"href":"https:\/\/www.spravaciest.sk\/hu\/wp-json\/wp\/v2\/comments?post=606"}],"version-history":[{"count":0,"href":"https:\/\/www.spravaciest.sk\/hu\/wp-json\/wp\/v2\/posts\/606\/revisions"}],"wp:featuredmedia":[{"embeddable":true,"href":"https:\/\/www.spravaciest.sk\/hu\/wp-json\/wp\/v2\/media\/719"}],"wp:attachment":[{"href":"https:\/\/www.spravaciest.sk\/hu\/wp-json\/wp\/v2\/media?parent=606"}],"wp:term":[{"taxonomy":"category","embeddable":true,"href":"https:\/\/www.spravaciest.sk\/hu\/wp-json\/wp\/v2\/categories?post=606"},{"taxonomy":"post_tag","embeddable":true,"href":"https:\/\/www.spravaciest.sk\/hu\/wp-json\/wp\/v2\/tags?post=606"}],"curies":[{"name":"wp","href":"https:\/\/api.w.org\/{rel}","templated":true}]}}